{"id":10295,"date":"2021-07-14T13:50:28","date_gmt":"2021-07-14T13:50:28","guid":{"rendered":"https:\/\/fcpr.org\/?p=10295"},"modified":"2021-07-23T14:05:01","modified_gmt":"2021-07-23T14:05:01","slug":"registrate-hoy-black-philanthropy-month","status":"publish","type":"post","link":"https:\/\/www.fcpr.org\/en\/registrate-hoy-black-philanthropy-month\/","title":{"rendered":"REGISTER TODAY! Black Philanthropy Month"},"content":{"rendered":"<h2 class=\"wp-block-heading\">Press <a href=\"https:\/\/hopin.com\/events\/fundblacksummit\">this link<\/a> para registrate, libre de costo, en los eventos virtuales que conmemoran el <strong><a href=\"http:\/\/www.blackphilanthropymonth.com\/\">Black Philanthropy Month<\/a> <\/strong>(BPM), incluyendo el evento en el Caribe. <\/h2>\n\n\n\n<h2 class=\"wp-block-heading\">El BPM es una plataforma internacional que celebra el progreso de las comunidades afrodescendientes alrededor del mundo y, al mismo tiempo, eleva las oportunidades de inversi\u00f3n social filantr\u00f3pica para estas comunidades, lo que permite apoyar iniciativas que promueven la equidad.<\/h2>\n\n\n\n<h2 class=\"wp-block-heading\">Conoce m\u00e1s en este comunicado de prensa: <a href=\"https:\/\/www.fcpr.org\/en\/2021\/07\/12\/arranca-el-10mo-aniversario-del-black-philanthropy-month-con-un-evento-global-en-el-que-participara-puerto-rico\/\">10th anniversary of Black Philanthropy Month kicks off with global event featuring Puerto Rico<\/a><\/h2>\n\n\n\n<p><em>Este a\u00f1o, la <strong>Puerto Rico Community Foundation<\/strong> (FCPR) se ha unido a este evento global, que contar\u00e1 con eventos virtuales desde Estado Unidos, Canad\u00e1 y Brazil, para presentar el panel: <strong>Oportunidades para la inversi\u00f3n social enfocado en la equidad para el Caribe<\/strong>. El panel convocado por la FCPR ser\u00e1 el 4 de agosto de 1:00 p.m. a 5:00 p.m. y participar\u00e1 adem\u00e1s de Puerto Rico, Hait\u00ed y Santa Cruz.<\/em><\/p>\n\n\n\n<hr class=\"wp-block-separator\"\/>\n\n\n\n<p><strong>About the&nbsp;<em>Black Philanthropy Month<\/em><\/strong>&nbsp;| With the support of its parent organization, The Fund<em>&nbsp;Women Invested to Save the Earth&nbsp;<\/em>(WISE), generous partners and sponsors, the&nbsp;<em>Black Philanthropy Month<\/em>&nbsp;is a global celebration and collective action coalition founded by Dr. Jackie Bouvier Copeland in 2011 to celebrate and promote Black giving in all its forms and advance funding (donations and investments) to strengthen Black communities around the world. Recognized by the United Nations and 30 other government agencies, BPM continues to grow, building on the 18 million people in 60 countries who have celebrated since its inception. Contact us at&nbsp;<a href=\"mailto:info@blackphilanthropymonth.com\">info@blackphilanthropymonth.com<\/a>&nbsp;and get more information at&nbsp;<a href=\"http:\/\/www.blackphilanthropymonth.com\/\" target=\"_blank\" rel=\"noreferrer noopener\">www.blackphilanthropymonth.com<\/a>. Register for BPM's tenth anniversary summit series, TENacity: Making Equity Real, here:&nbsp;<a href=\"file:\/\/\/C:\/Users\/kena\/Downloads\/bit.ly\/FundBlackSummit2021\">bit.ly\/FundBlackSummit2021<\/a>.<\/p>","protected":false},"excerpt":{"rendered":"<p>Presiona este enlace para registrate, libre de costo, en los eventos virtuales que conmemoran el Black Philanthropy Month (BPM), incluyendo el evento en el Caribe. El BPM es una plataforma internacional que celebra el progreso de las comunidades afrodescendientes alrededor del mundo y, al mismo tiempo, eleva las oportunidades de inversi\u00f3n social filantr\u00f3pica para estas [&hellip;]<\/p>\n","protected":false},"author":7,"featured_media":10366,"comment_status":"open","ping_status":"open","sticky":false,"template":"","format":"standard","meta":{"give_campaign_id":0,"footnotes":""},"categories":[36],"tags":[446,447],"class_list":["post-10295","post","type-post","status-publish","format-standard","has-post-thumbnail","hentry","category-blog","tag-black-philanthropy-month","tag-equidad-racial"],"yoast_head":"<!-- This site is optimized with the Yoast SEO Premium plugin v27.5 (Yoast SEO v27.5) - https:\/\/yoast.com\/product\/yoast-seo-premium-wordpress\/ -->\n<title>\u00a1REG\u00cdSTRATE HOY! Black Philanthropy Month - Fundaci\u00f3n Comunitaria de Puerto Rico<\/title>\n<meta name=\"robots\" content=\"index, follow, max-snippet:-1, max-image-preview:large, max-video-preview:-1\" \/>\n<link rel=\"canonical\" href=\"https:\/\/www.fcpr.org\/en\/registrate-hoy-black-philanthropy-month\/\" \/>\n<meta property=\"og:locale\" content=\"en_US\" \/>\n<meta property=\"og:type\" content=\"article\" \/>\n<meta property=\"og:title\" content=\"\u00a1REG\u00cdSTRATE HOY! Black Philanthropy Month\" \/>\n<meta property=\"og:description\" content=\"Presiona este enlace para registrate, libre de costo, en los eventos virtuales que conmemoran el Black Philanthropy Month (BPM), incluyendo el evento en el Caribe. El BPM es una plataforma internacional que celebra el progreso de las comunidades afrodescendientes alrededor del mundo y, al mismo tiempo, eleva las oportunidades de inversi\u00f3n social filantr\u00f3pica para estas [&hellip;]\" \/>\n<meta property=\"og:url\" content=\"https:\/\/www.fcpr.org\/en\/registrate-hoy-black-philanthropy-month\/\" \/>\n<meta property=\"og:site_name\" content=\"Fundaci\u00f3n Comunitaria de Puerto Rico\" \/>\n<meta property=\"article:publisher\" content=\"https:\/\/www.facebook.com\/FundacionComunitaria\" \/>\n<meta property=\"article:published_time\" content=\"2021-07-14T13:50:28+00:00\" \/>\n<meta property=\"article:modified_time\" content=\"2021-07-23T14:05:01+00:00\" \/>\n<meta property=\"og:image\" content=\"https:\/\/www.fcpr.org\/wp-content\/uploads\/2021\/07\/BPM-2021-Aug-4-Caribbean-Featured_4-min.png\" \/>\n\t<meta property=\"og:image:width\" content=\"1080\" \/>\n\t<meta property=\"og:image:height\" content=\"1080\" \/>\n\t<meta property=\"og:image:type\" content=\"image\/png\" \/>\n<meta name=\"author\" content=\"Libni Sanjurjo\" \/>\n<meta name=\"twitter:card\" content=\"summary_large_image\" \/>\n<meta name=\"twitter:creator\" content=\"@FComunitaria\" \/>\n<meta name=\"twitter:site\" content=\"@FComunitaria\" \/>\n<meta name=\"twitter:label1\" content=\"Written by\" \/>\n\t<meta name=\"twitter:data1\" content=\"Libni Sanjurjo\" \/>\n\t<meta name=\"twitter:label2\" content=\"Est. reading time\" \/>\n\t<meta name=\"twitter:data2\" content=\"2 minutes\" \/>\n<script type=\"application\/ld+json\" class=\"yoast-schema-graph\">{\"@context\":\"https:\\\/\\\/schema.org\",\"@graph\":[{\"@type\":\"Article\",\"@id\":\"https:\\\/\\\/www.fcpr.org\\\/registrate-hoy-black-philanthropy-month\\\/#article\",\"isPartOf\":{\"@id\":\"https:\\\/\\\/www.fcpr.org\\\/registrate-hoy-black-philanthropy-month\\\/\"},\"author\":{\"name\":\"Libni Sanjurjo\",\"@id\":\"https:\\\/\\\/www.fcpr.org\\\/#\\\/schema\\\/person\\\/49ddf8247898f4a287fad4df52650612\"},\"headline\":\"\u00a1REG\u00cdSTRATE HOY! Black Philanthropy Month\",\"datePublished\":\"2021-07-14T13:50:28+00:00\",\"dateModified\":\"2021-07-23T14:05:01+00:00\",\"mainEntityOfPage\":{\"@id\":\"https:\\\/\\\/www.fcpr.org\\\/registrate-hoy-black-philanthropy-month\\\/\"},\"wordCount\":328,\"commentCount\":0,\"publisher\":{\"@id\":\"https:\\\/\\\/www.fcpr.org\\\/#organization\"},\"image\":{\"@id\":\"https:\\\/\\\/www.fcpr.org\\\/registrate-hoy-black-philanthropy-month\\\/#primaryimage\"},\"thumbnailUrl\":\"https:\\\/\\\/www.fcpr.org\\\/wp-content\\\/uploads\\\/2021\\\/07\\\/BPM-2021-Aug-4-Caribbean-Featured_4-min.png\",\"keywords\":[\"Black Philanthropy Month\",\"Equidad Racial\"],\"articleSection\":[\"Blog\"],\"inLanguage\":\"en-US\",\"potentialAction\":[{\"@type\":\"CommentAction\",\"name\":\"Comment\",\"target\":[\"https:\\\/\\\/www.fcpr.org\\\/registrate-hoy-black-philanthropy-month\\\/#respond\"]}]},{\"@type\":\"WebPage\",\"@id\":\"https:\\\/\\\/www.fcpr.org\\\/registrate-hoy-black-philanthropy-month\\\/\",\"url\":\"https:\\\/\\\/www.fcpr.org\\\/registrate-hoy-black-philanthropy-month\\\/\",\"name\":\"\u00a1REG\u00cdSTRATE HOY! Black Philanthropy Month - Fundaci\u00f3n Comunitaria de Puerto Rico\",\"isPartOf\":{\"@id\":\"https:\\\/\\\/www.fcpr.org\\\/#website\"},\"primaryImageOfPage\":{\"@id\":\"https:\\\/\\\/www.fcpr.org\\\/registrate-hoy-black-philanthropy-month\\\/#primaryimage\"},\"image\":{\"@id\":\"https:\\\/\\\/www.fcpr.org\\\/registrate-hoy-black-philanthropy-month\\\/#primaryimage\"},\"thumbnailUrl\":\"https:\\\/\\\/www.fcpr.org\\\/wp-content\\\/uploads\\\/2021\\\/07\\\/BPM-2021-Aug-4-Caribbean-Featured_4-min.png\",\"datePublished\":\"2021-07-14T13:50:28+00:00\",\"dateModified\":\"2021-07-23T14:05:01+00:00\",\"breadcrumb\":{\"@id\":\"https:\\\/\\\/www.fcpr.org\\\/registrate-hoy-black-philanthropy-month\\\/#breadcrumb\"},\"inLanguage\":\"en-US\",\"potentialAction\":[{\"@type\":\"ReadAction\",\"target\":[\"https:\\\/\\\/www.fcpr.org\\\/registrate-hoy-black-philanthropy-month\\\/\"]}]},{\"@type\":\"ImageObject\",\"inLanguage\":\"en-US\",\"@id\":\"https:\\\/\\\/www.fcpr.org\\\/registrate-hoy-black-philanthropy-month\\\/#primaryimage\",\"url\":\"https:\\\/\\\/www.fcpr.org\\\/wp-content\\\/uploads\\\/2021\\\/07\\\/BPM-2021-Aug-4-Caribbean-Featured_4-min.png\",\"contentUrl\":\"https:\\\/\\\/www.fcpr.org\\\/wp-content\\\/uploads\\\/2021\\\/07\\\/BPM-2021-Aug-4-Caribbean-Featured_4-min.png\",\"width\":1080,\"height\":1080},{\"@type\":\"BreadcrumbList\",\"@id\":\"https:\\\/\\\/www.fcpr.org\\\/registrate-hoy-black-philanthropy-month\\\/#breadcrumb\",\"itemListElement\":[{\"@type\":\"ListItem\",\"position\":1,\"name\":\"Home\",\"item\":\"https:\\\/\\\/www.fcpr.org\\\/\"},{\"@type\":\"ListItem\",\"position\":2,\"name\":\"\u00a1REG\u00cdSTRATE HOY! Black Philanthropy Month\"}]},{\"@type\":\"WebSite\",\"@id\":\"https:\\\/\\\/www.fcpr.org\\\/#website\",\"url\":\"https:\\\/\\\/www.fcpr.org\\\/\",\"name\":\"Fundaci\u00f3n Comunitaria de Puerto Rico\",\"description\":\"Fortaleciendo el Capital Comunitario\",\"publisher\":{\"@id\":\"https:\\\/\\\/www.fcpr.org\\\/#organization\"},\"potentialAction\":[{\"@type\":\"SearchAction\",\"target\":{\"@type\":\"EntryPoint\",\"urlTemplate\":\"https:\\\/\\\/www.fcpr.org\\\/?s={search_term_string}\"},\"query-input\":{\"@type\":\"PropertyValueSpecification\",\"valueRequired\":true,\"valueName\":\"search_term_string\"}}],\"inLanguage\":\"en-US\"},{\"@type\":\"Organization\",\"@id\":\"https:\\\/\\\/www.fcpr.org\\\/#organization\",\"name\":\"Fundaci\u00f3n Comunitaria de Puerto Rico\",\"url\":\"https:\\\/\\\/www.fcpr.org\\\/\",\"logo\":{\"@type\":\"ImageObject\",\"inLanguage\":\"en-US\",\"@id\":\"https:\\\/\\\/www.fcpr.org\\\/#\\\/schema\\\/logo\\\/image\\\/\",\"url\":\"https:\\\/\\\/www.fcpr.org\\\/wp-content\\\/uploads\\\/2016\\\/08\\\/logo-corp-red.png\",\"contentUrl\":\"https:\\\/\\\/www.fcpr.org\\\/wp-content\\\/uploads\\\/2016\\\/08\\\/logo-corp-red.png\",\"width\":221,\"height\":32,\"caption\":\"Fundaci\u00f3n Comunitaria de Puerto Rico\"},\"image\":{\"@id\":\"https:\\\/\\\/www.fcpr.org\\\/#\\\/schema\\\/logo\\\/image\\\/\"},\"sameAs\":[\"https:\\\/\\\/www.facebook.com\\\/FundacionComunitaria\",\"https:\\\/\\\/x.com\\\/FComunitaria\",\"https:\\\/\\\/www.instagram.com\\\/fundacioncomunitaria\\\/\",\"https:\\\/\\\/www.youtube.com\\\/channel\\\/UCGGW21eIGw6NRin0BrylmWg\"]},{\"@type\":\"Person\",\"@id\":\"https:\\\/\\\/www.fcpr.org\\\/#\\\/schema\\\/person\\\/49ddf8247898f4a287fad4df52650612\",\"name\":\"Libni Sanjurjo\",\"image\":{\"@type\":\"ImageObject\",\"inLanguage\":\"en-US\",\"@id\":\"https:\\\/\\\/secure.gravatar.com\\\/avatar\\\/b4adea318df4c70b94a623d3f26fa06bc9ebbf768514d2cb1cb40c4ebf4c2c32?s=96&d=blank&r=g\",\"url\":\"https:\\\/\\\/secure.gravatar.com\\\/avatar\\\/b4adea318df4c70b94a623d3f26fa06bc9ebbf768514d2cb1cb40c4ebf4c2c32?s=96&d=blank&r=g\",\"contentUrl\":\"https:\\\/\\\/secure.gravatar.com\\\/avatar\\\/b4adea318df4c70b94a623d3f26fa06bc9ebbf768514d2cb1cb40c4ebf4c2c32?s=96&d=blank&r=g\",\"caption\":\"Libni Sanjurjo\"},\"sameAs\":[\"https:\\\/\\\/fcpr.org\"],\"url\":\"https:\\\/\\\/www.fcpr.org\\\/en\\\/author\\\/lisanfcpr\\\/\"}]}<\/script>\n<!-- \/ Yoast SEO Premium plugin. -->","yoast_head_json":{"title":"\u00a1REG\u00cdSTRATE HOY! Black Philanthropy Month - Fundaci\u00f3n Comunitaria de Puerto Rico","robots":{"index":"index","follow":"follow","max-snippet":"max-snippet:-1","max-image-preview":"max-image-preview:large","max-video-preview":"max-video-preview:-1"},"canonical":"https:\/\/www.fcpr.org\/en\/registrate-hoy-black-philanthropy-month\/","og_locale":"en_US","og_type":"article","og_title":"\u00a1REG\u00cdSTRATE HOY! Black Philanthropy Month","og_description":"Presiona este enlace para registrate, libre de costo, en los eventos virtuales que conmemoran el Black Philanthropy Month (BPM), incluyendo el evento en el Caribe. El BPM es una plataforma internacional que celebra el progreso de las comunidades afrodescendientes alrededor del mundo y, al mismo tiempo, eleva las oportunidades de inversi\u00f3n social filantr\u00f3pica para estas [&hellip;]","og_url":"https:\/\/www.fcpr.org\/en\/registrate-hoy-black-philanthropy-month\/","og_site_name":"Fundaci\u00f3n Comunitaria de Puerto Rico","article_publisher":"https:\/\/www.facebook.com\/FundacionComunitaria","article_published_time":"2021-07-14T13:50:28+00:00","article_modified_time":"2021-07-23T14:05:01+00:00","og_image":[{"width":1080,"height":1080,"url":"https:\/\/www.fcpr.org\/wp-content\/uploads\/2021\/07\/BPM-2021-Aug-4-Caribbean-Featured_4-min.png","type":"image\/png"}],"author":"Libni Sanjurjo","twitter_card":"summary_large_image","twitter_creator":"@FComunitaria","twitter_site":"@FComunitaria","twitter_misc":{"Written by":"Libni Sanjurjo","Est. reading time":"2 minutes"},"schema":{"@context":"https:\/\/schema.org","@graph":[{"@type":"Article","@id":"https:\/\/www.fcpr.org\/registrate-hoy-black-philanthropy-month\/#article","isPartOf":{"@id":"https:\/\/www.fcpr.org\/registrate-hoy-black-philanthropy-month\/"},"author":{"name":"Libni Sanjurjo","@id":"https:\/\/www.fcpr.org\/#\/schema\/person\/49ddf8247898f4a287fad4df52650612"},"headline":"\u00a1REG\u00cdSTRATE HOY! Black Philanthropy Month","datePublished":"2021-07-14T13:50:28+00:00","dateModified":"2021-07-23T14:05:01+00:00","mainEntityOfPage":{"@id":"https:\/\/www.fcpr.org\/registrate-hoy-black-philanthropy-month\/"},"wordCount":328,"commentCount":0,"publisher":{"@id":"https:\/\/www.fcpr.org\/#organization"},"image":{"@id":"https:\/\/www.fcpr.org\/registrate-hoy-black-philanthropy-month\/#primaryimage"},"thumbnailUrl":"https:\/\/www.fcpr.org\/wp-content\/uploads\/2021\/07\/BPM-2021-Aug-4-Caribbean-Featured_4-min.png","keywords":["Black Philanthropy Month","Equidad Racial"],"articleSection":["Blog"],"inLanguage":"en-US","potentialAction":[{"@type":"CommentAction","name":"Comment","target":["https:\/\/www.fcpr.org\/registrate-hoy-black-philanthropy-month\/#respond"]}]},{"@type":"WebPage","@id":"https:\/\/www.fcpr.org\/registrate-hoy-black-philanthropy-month\/","url":"https:\/\/www.fcpr.org\/registrate-hoy-black-philanthropy-month\/","name":"\u00a1REG\u00cdSTRATE HOY! Black Philanthropy Month - Fundaci\u00f3n Comunitaria de Puerto Rico","isPartOf":{"@id":"https:\/\/www.fcpr.org\/#website"},"primaryImageOfPage":{"@id":"https:\/\/www.fcpr.org\/registrate-hoy-black-philanthropy-month\/#primaryimage"},"image":{"@id":"https:\/\/www.fcpr.org\/registrate-hoy-black-philanthropy-month\/#primaryimage"},"thumbnailUrl":"https:\/\/www.fcpr.org\/wp-content\/uploads\/2021\/07\/BPM-2021-Aug-4-Caribbean-Featured_4-min.png","datePublished":"2021-07-14T13:50:28+00:00","dateModified":"2021-07-23T14:05:01+00:00","breadcrumb":{"@id":"https:\/\/www.fcpr.org\/registrate-hoy-black-philanthropy-month\/#breadcrumb"},"inLanguage":"en-US","potentialAction":[{"@type":"ReadAction","target":["https:\/\/www.fcpr.org\/registrate-hoy-black-philanthropy-month\/"]}]},{"@type":"ImageObject","inLanguage":"en-US","@id":"https:\/\/www.fcpr.org\/registrate-hoy-black-philanthropy-month\/#primaryimage","url":"https:\/\/www.fcpr.org\/wp-content\/uploads\/2021\/07\/BPM-2021-Aug-4-Caribbean-Featured_4-min.png","contentUrl":"https:\/\/www.fcpr.org\/wp-content\/uploads\/2021\/07\/BPM-2021-Aug-4-Caribbean-Featured_4-min.png","width":1080,"height":1080},{"@type":"BreadcrumbList","@id":"https:\/\/www.fcpr.org\/registrate-hoy-black-philanthropy-month\/#breadcrumb","itemListElement":[{"@type":"ListItem","position":1,"name":"Home","item":"https:\/\/www.fcpr.org\/"},{"@type":"ListItem","position":2,"name":"\u00a1REG\u00cdSTRATE HOY! Black Philanthropy Month"}]},{"@type":"WebSite","@id":"https:\/\/www.fcpr.org\/#website","url":"https:\/\/www.fcpr.org\/","name":"Puerto Rico Community Foundation","description":"Strengthening Community Capital","publisher":{"@id":"https:\/\/www.fcpr.org\/#organization"},"potentialAction":[{"@type":"SearchAction","target":{"@type":"EntryPoint","urlTemplate":"https:\/\/www.fcpr.org\/?s={search_term_string}"},"query-input":{"@type":"PropertyValueSpecification","valueRequired":true,"valueName":"search_term_string"}}],"inLanguage":"en-US"},{"@type":"Organization","@id":"https:\/\/www.fcpr.org\/#organization","name":"Puerto Rico Community Foundation","url":"https:\/\/www.fcpr.org\/","logo":{"@type":"ImageObject","inLanguage":"en-US","@id":"https:\/\/www.fcpr.org\/#\/schema\/logo\/image\/","url":"https:\/\/www.fcpr.org\/wp-content\/uploads\/2016\/08\/logo-corp-red.png","contentUrl":"https:\/\/www.fcpr.org\/wp-content\/uploads\/2016\/08\/logo-corp-red.png","width":221,"height":32,"caption":"Fundaci\u00f3n Comunitaria de Puerto Rico"},"image":{"@id":"https:\/\/www.fcpr.org\/#\/schema\/logo\/image\/"},"sameAs":["https:\/\/www.facebook.com\/FundacionComunitaria","https:\/\/x.com\/FComunitaria","https:\/\/www.instagram.com\/fundacioncomunitaria\/","https:\/\/www.youtube.com\/channel\/UCGGW21eIGw6NRin0BrylmWg"]},{"@type":"Person","@id":"https:\/\/www.fcpr.org\/#\/schema\/person\/49ddf8247898f4a287fad4df52650612","name":"Libni Sanjurjo","image":{"@type":"ImageObject","inLanguage":"en-US","@id":"https:\/\/secure.gravatar.com\/avatar\/b4adea318df4c70b94a623d3f26fa06bc9ebbf768514d2cb1cb40c4ebf4c2c32?s=96&d=blank&r=g","url":"https:\/\/secure.gravatar.com\/avatar\/b4adea318df4c70b94a623d3f26fa06bc9ebbf768514d2cb1cb40c4ebf4c2c32?s=96&d=blank&r=g","contentUrl":"https:\/\/secure.gravatar.com\/avatar\/b4adea318df4c70b94a623d3f26fa06bc9ebbf768514d2cb1cb40c4ebf4c2c32?s=96&d=blank&r=g","caption":"Libni Sanjurjo"},"sameAs":["https:\/\/fcpr.org"],"url":"https:\/\/www.fcpr.org\/en\/author\/lisanfcpr\/"}]}},"_links":{"self":[{"href":"https:\/\/www.fcpr.org\/en\/wp-json\/wp\/v2\/posts\/10295","targetHints":{"allow":["GET"]}}],"collection":[{"href":"https:\/\/www.fcpr.org\/en\/wp-json\/wp\/v2\/posts"}],"about":[{"href":"https:\/\/www.fcpr.org\/en\/wp-json\/wp\/v2\/types\/post"}],"author":[{"embeddable":true,"href":"https:\/\/www.fcpr.org\/en\/wp-json\/wp\/v2\/users\/7"}],"replies":[{"embeddable":true,"href":"https:\/\/www.fcpr.org\/en\/wp-json\/wp\/v2\/comments?post=10295"}],"version-history":[{"count":8,"href":"https:\/\/www.fcpr.org\/en\/wp-json\/wp\/v2\/posts\/10295\/revisions"}],"predecessor-version":[{"id":10363,"href":"https:\/\/www.fcpr.org\/en\/wp-json\/wp\/v2\/posts\/10295\/revisions\/10363"}],"wp:featuredmedia":[{"embeddable":true,"href":"https:\/\/www.fcpr.org\/en\/wp-json\/wp\/v2\/media\/10366"}],"wp:attachment":[{"href":"https:\/\/www.fcpr.org\/en\/wp-json\/wp\/v2\/media?parent=10295"}],"wp:term":[{"taxonomy":"category","embeddable":true,"href":"https:\/\/www.fcpr.org\/en\/wp-json\/wp\/v2\/categories?post=10295"},{"taxonomy":"post_tag","embeddable":true,"href":"https:\/\/www.fcpr.org\/en\/wp-json\/wp\/v2\/tags?post=10295"}],"curies":[{"name":"wp","href":"https:\/\/api.w.org\/{rel}","templated":true}]}}