{"id":14612,"date":"2023-10-02T15:46:54","date_gmt":"2023-10-02T19:46:54","guid":{"rendered":"https:\/\/www.fcpr.org\/?p=14612"},"modified":"2023-11-13T10:41:43","modified_gmt":"2023-11-13T14:41:43","slug":"video-mi-trayecto-empresarial-historias-de-emprendedores-boricuas","status":"publish","type":"post","link":"https:\/\/www.fcpr.org\/en\/video-mi-trayecto-empresarial-historias-de-emprendedores-boricuas\/","title":{"rendered":"VIDEO: My Entrepreneurial Journey: Stories of Boricua Entrepreneurs"},"content":{"rendered":"<h6 class=\"wp-block-heading\"><strong>A pizza maker<\/strong> who has seen how his business has not stopped growing. <strong>A medical propagandist<\/strong> who turned her hobby of garment making into her full-time job (Stilo Grace). <strong>A cook<\/strong> who opened a fry cart in front of the run-down school where she lives since losing her home to Fiona. <a href=\"https:\/\/www.youtube.com\/watch?v=S-0g0M1KvLo\">SEE<\/a> the video <\/h6>\n\n\n\n<h5 class=\"wp-block-heading\">Sign up today!<\/h5>\n\n\n\n<h6 class=\"wp-block-heading\">If you are an entrepreneur, read more about the program and register for the third cycle of incubation and acceleration.<\/h6>\n\n\n\n<div class=\"wp-block-buttons is-layout-flex wp-block-buttons-is-layout-flex\">\n<div class=\"wp-block-button is-style-outline is-style-outline--1\"><a class=\"wp-block-button__link wp-element-button\" href=\"https:\/\/www.fcpr.org\/en\/programa-de-incubadoras-y-aceleradoras-de-empresas-pequenas\/\">Learn more and register<\/a><\/div>\n<\/div>\n\n\n\n<p><\/p>\n\n\n\n<p><a href=\"https:\/\/www.youtube.com\/@fundacioncomunitariadepuer8387\"><\/a><\/p>","protected":false},"excerpt":{"rendered":"<p>Un pizzero que ha visto c\u00f3mo su negocio, no ha parado de crecer. Una propagandista m\u00e9dica que convirti\u00f3 su pasatiempo de confecci\u00f3n de prendas, en su trabajo a tiempo completo (Stilo Grace). Una cocinera que abri\u00f3 un carret\u00f3n de frituras frente a la escuela deshabilitada donde vive, desde que perdi\u00f3 su casa a causa de [&hellip;]<\/p>\n","protected":false},"author":4,"featured_media":14629,"comment_status":"open","ping_status":"open","sticky":false,"template":"","format":"standard","meta":{"give_campaign_id":0,"footnotes":""},"categories":[36],"tags":[754,122,734,128],"class_list":["post-14612","post","type-post","status-publish","format-standard","has-post-thumbnail","hentry","category-blog","tag-aceleradoras","tag-educacion","tag-emprendimiento","tag-incubadoras"],"yoast_head":"<!-- This site is optimized with the Yoast SEO Premium plugin v27.5 (Yoast SEO v27.5) - https:\/\/yoast.com\/product\/yoast-seo-premium-wordpress\/ -->\n<title>V\u00cdDEO | Mi Trayecto Empresarial: Historias de Emprendedores Boricuas - Fundaci\u00f3n Comunitaria de Puerto Rico<\/title>\n<meta name=\"robots\" content=\"index, follow, max-snippet:-1, max-image-preview:large, max-video-preview:-1\" \/>\n<link rel=\"canonical\" href=\"https:\/\/www.fcpr.org\/en\/video-mi-trayecto-empresarial-historias-de-emprendedores-boricuas\/\" \/>\n<meta property=\"og:locale\" content=\"en_US\" \/>\n<meta property=\"og:type\" content=\"article\" \/>\n<meta property=\"og:title\" content=\"V\u00cdDEO | Mi Trayecto Empresarial: Historias de Emprendedores Boricuas\" \/>\n<meta property=\"og:description\" content=\"Un pizzero que ha visto c\u00f3mo su negocio, no ha parado de crecer. Una propagandista m\u00e9dica que convirti\u00f3 su pasatiempo de confecci\u00f3n de prendas, en su trabajo a tiempo completo (Stilo Grace). Una cocinera que abri\u00f3 un carret\u00f3n de frituras frente a la escuela deshabilitada donde vive, desde que perdi\u00f3 su casa a causa de [&hellip;]\" \/>\n<meta property=\"og:url\" content=\"https:\/\/www.fcpr.org\/en\/video-mi-trayecto-empresarial-historias-de-emprendedores-boricuas\/\" \/>\n<meta property=\"og:site_name\" content=\"Fundaci\u00f3n Comunitaria de Puerto Rico\" \/>\n<meta property=\"article:publisher\" content=\"https:\/\/www.facebook.com\/FundacionComunitaria\" \/>\n<meta property=\"article:published_time\" content=\"2023-10-02T19:46:54+00:00\" \/>\n<meta property=\"article:modified_time\" content=\"2023-11-13T14:41:43+00:00\" \/>\n<meta property=\"og:image\" content=\"https:\/\/www.fcpr.org\/wp-content\/uploads\/2023\/10\/trio-3-min-1-e1696445228571.png\" \/>\n\t<meta property=\"og:image:width\" content=\"1198\" \/>\n\t<meta property=\"og:image:height\" content=\"673\" \/>\n\t<meta property=\"og:image:type\" content=\"image\/png\" \/>\n<meta name=\"author\" content=\"FCPR\" \/>\n<meta name=\"twitter:card\" content=\"summary_large_image\" \/>\n<meta name=\"twitter:creator\" content=\"@FComunitaria\" \/>\n<meta name=\"twitter:site\" content=\"@FComunitaria\" \/>\n<meta name=\"twitter:label1\" content=\"Written by\" \/>\n\t<meta name=\"twitter:data1\" content=\"FCPR\" \/>\n<script type=\"application\/ld+json\" class=\"yoast-schema-graph\">{\"@context\":\"https:\\\/\\\/schema.org\",\"@graph\":[{\"@type\":\"Article\",\"@id\":\"https:\\\/\\\/www.fcpr.org\\\/video-mi-trayecto-empresarial-historias-de-emprendedores-boricuas\\\/#article\",\"isPartOf\":{\"@id\":\"https:\\\/\\\/www.fcpr.org\\\/video-mi-trayecto-empresarial-historias-de-emprendedores-boricuas\\\/\"},\"author\":{\"name\":\"FCPR\",\"@id\":\"https:\\\/\\\/www.fcpr.org\\\/#\\\/schema\\\/person\\\/8231c5ec4d08352e6a4ce3702e35f3c3\"},\"headline\":\"V\u00cdDEO | Mi Trayecto Empresarial: Historias de Emprendedores Boricuas\",\"datePublished\":\"2023-10-02T19:46:54+00:00\",\"dateModified\":\"2023-11-13T14:41:43+00:00\",\"mainEntityOfPage\":{\"@id\":\"https:\\\/\\\/www.fcpr.org\\\/video-mi-trayecto-empresarial-historias-de-emprendedores-boricuas\\\/\"},\"wordCount\":102,\"commentCount\":0,\"publisher\":{\"@id\":\"https:\\\/\\\/www.fcpr.org\\\/#organization\"},\"image\":{\"@id\":\"https:\\\/\\\/www.fcpr.org\\\/video-mi-trayecto-empresarial-historias-de-emprendedores-boricuas\\\/#primaryimage\"},\"thumbnailUrl\":\"https:\\\/\\\/www.fcpr.org\\\/wp-content\\\/uploads\\\/2023\\\/10\\\/trio-3-min-1-e1696445228571.png\",\"keywords\":[\"aceleradoras\",\"Educaci\u00f3n\",\"Emprendimiento\",\"Incubadoras\"],\"articleSection\":[\"Blog\"],\"inLanguage\":\"en-US\",\"potentialAction\":[{\"@type\":\"CommentAction\",\"name\":\"Comment\",\"target\":[\"https:\\\/\\\/www.fcpr.org\\\/video-mi-trayecto-empresarial-historias-de-emprendedores-boricuas\\\/#respond\"]}]},{\"@type\":\"WebPage\",\"@id\":\"https:\\\/\\\/www.fcpr.org\\\/video-mi-trayecto-empresarial-historias-de-emprendedores-boricuas\\\/\",\"url\":\"https:\\\/\\\/www.fcpr.org\\\/video-mi-trayecto-empresarial-historias-de-emprendedores-boricuas\\\/\",\"name\":\"V\u00cdDEO | Mi Trayecto Empresarial: Historias de Emprendedores Boricuas - Fundaci\u00f3n Comunitaria de Puerto Rico\",\"isPartOf\":{\"@id\":\"https:\\\/\\\/www.fcpr.org\\\/#website\"},\"primaryImageOfPage\":{\"@id\":\"https:\\\/\\\/www.fcpr.org\\\/video-mi-trayecto-empresarial-historias-de-emprendedores-boricuas\\\/#primaryimage\"},\"image\":{\"@id\":\"https:\\\/\\\/www.fcpr.org\\\/video-mi-trayecto-empresarial-historias-de-emprendedores-boricuas\\\/#primaryimage\"},\"thumbnailUrl\":\"https:\\\/\\\/www.fcpr.org\\\/wp-content\\\/uploads\\\/2023\\\/10\\\/trio-3-min-1-e1696445228571.png\",\"datePublished\":\"2023-10-02T19:46:54+00:00\",\"dateModified\":\"2023-11-13T14:41:43+00:00\",\"breadcrumb\":{\"@id\":\"https:\\\/\\\/www.fcpr.org\\\/video-mi-trayecto-empresarial-historias-de-emprendedores-boricuas\\\/#breadcrumb\"},\"inLanguage\":\"en-US\",\"potentialAction\":[{\"@type\":\"ReadAction\",\"target\":[\"https:\\\/\\\/www.fcpr.org\\\/video-mi-trayecto-empresarial-historias-de-emprendedores-boricuas\\\/\"]}]},{\"@type\":\"ImageObject\",\"inLanguage\":\"en-US\",\"@id\":\"https:\\\/\\\/www.fcpr.org\\\/video-mi-trayecto-empresarial-historias-de-emprendedores-boricuas\\\/#primaryimage\",\"url\":\"https:\\\/\\\/www.fcpr.org\\\/wp-content\\\/uploads\\\/2023\\\/10\\\/trio-3-min-1-e1696445228571.png\",\"contentUrl\":\"https:\\\/\\\/www.fcpr.org\\\/wp-content\\\/uploads\\\/2023\\\/10\\\/trio-3-min-1-e1696445228571.png\",\"width\":1198,\"height\":673},{\"@type\":\"BreadcrumbList\",\"@id\":\"https:\\\/\\\/www.fcpr.org\\\/video-mi-trayecto-empresarial-historias-de-emprendedores-boricuas\\\/#breadcrumb\",\"itemListElement\":[{\"@type\":\"ListItem\",\"position\":1,\"name\":\"Home\",\"item\":\"https:\\\/\\\/www.fcpr.org\\\/\"},{\"@type\":\"ListItem\",\"position\":2,\"name\":\"V\u00cdDEO | Mi Trayecto Empresarial: Historias de Emprendedores Boricuas\"}]},{\"@type\":\"WebSite\",\"@id\":\"https:\\\/\\\/www.fcpr.org\\\/#website\",\"url\":\"https:\\\/\\\/www.fcpr.org\\\/\",\"name\":\"Fundaci\u00f3n Comunitaria de Puerto Rico\",\"description\":\"Fortaleciendo el Capital Comunitario\",\"publisher\":{\"@id\":\"https:\\\/\\\/www.fcpr.org\\\/#organization\"},\"potentialAction\":[{\"@type\":\"SearchAction\",\"target\":{\"@type\":\"EntryPoint\",\"urlTemplate\":\"https:\\\/\\\/www.fcpr.org\\\/?s={search_term_string}\"},\"query-input\":{\"@type\":\"PropertyValueSpecification\",\"valueRequired\":true,\"valueName\":\"search_term_string\"}}],\"inLanguage\":\"en-US\"},{\"@type\":\"Organization\",\"@id\":\"https:\\\/\\\/www.fcpr.org\\\/#organization\",\"name\":\"Fundaci\u00f3n Comunitaria de Puerto Rico\",\"url\":\"https:\\\/\\\/www.fcpr.org\\\/\",\"logo\":{\"@type\":\"ImageObject\",\"inLanguage\":\"en-US\",\"@id\":\"https:\\\/\\\/www.fcpr.org\\\/#\\\/schema\\\/logo\\\/image\\\/\",\"url\":\"https:\\\/\\\/www.fcpr.org\\\/wp-content\\\/uploads\\\/2016\\\/08\\\/logo-corp-red.png\",\"contentUrl\":\"https:\\\/\\\/www.fcpr.org\\\/wp-content\\\/uploads\\\/2016\\\/08\\\/logo-corp-red.png\",\"width\":221,\"height\":32,\"caption\":\"Fundaci\u00f3n Comunitaria de Puerto Rico\"},\"image\":{\"@id\":\"https:\\\/\\\/www.fcpr.org\\\/#\\\/schema\\\/logo\\\/image\\\/\"},\"sameAs\":[\"https:\\\/\\\/www.facebook.com\\\/FundacionComunitaria\",\"https:\\\/\\\/x.com\\\/FComunitaria\",\"https:\\\/\\\/www.instagram.com\\\/fundacioncomunitaria\\\/\",\"https:\\\/\\\/www.youtube.com\\\/channel\\\/UCGGW21eIGw6NRin0BrylmWg\"]},{\"@type\":\"Person\",\"@id\":\"https:\\\/\\\/www.fcpr.org\\\/#\\\/schema\\\/person\\\/8231c5ec4d08352e6a4ce3702e35f3c3\",\"name\":\"FCPR\",\"image\":{\"@type\":\"ImageObject\",\"inLanguage\":\"en-US\",\"@id\":\"https:\\\/\\\/secure.gravatar.com\\\/avatar\\\/fe4949f530883214bb05bea93cfcc96c4a6905a6c377112f07f806bafc3a2e5d?s=96&d=blank&r=g\",\"url\":\"https:\\\/\\\/secure.gravatar.com\\\/avatar\\\/fe4949f530883214bb05bea93cfcc96c4a6905a6c377112f07f806bafc3a2e5d?s=96&d=blank&r=g\",\"contentUrl\":\"https:\\\/\\\/secure.gravatar.com\\\/avatar\\\/fe4949f530883214bb05bea93cfcc96c4a6905a6c377112f07f806bafc3a2e5d?s=96&d=blank&r=g\",\"caption\":\"FCPR\"},\"url\":\"https:\\\/\\\/www.fcpr.org\\\/en\\\/author\\\/perla\\\/\"}]}<\/script>\n<!-- \/ Yoast SEO Premium plugin. -->","yoast_head_json":{"title":"V\u00cdDEO | Mi Trayecto Empresarial: Historias de Emprendedores Boricuas - Fundaci\u00f3n Comunitaria de Puerto Rico","robots":{"index":"index","follow":"follow","max-snippet":"max-snippet:-1","max-image-preview":"max-image-preview:large","max-video-preview":"max-video-preview:-1"},"canonical":"https:\/\/www.fcpr.org\/en\/video-mi-trayecto-empresarial-historias-de-emprendedores-boricuas\/","og_locale":"en_US","og_type":"article","og_title":"V\u00cdDEO | Mi Trayecto Empresarial: Historias de Emprendedores Boricuas","og_description":"Un pizzero que ha visto c\u00f3mo su negocio, no ha parado de crecer. Una propagandista m\u00e9dica que convirti\u00f3 su pasatiempo de confecci\u00f3n de prendas, en su trabajo a tiempo completo (Stilo Grace). Una cocinera que abri\u00f3 un carret\u00f3n de frituras frente a la escuela deshabilitada donde vive, desde que perdi\u00f3 su casa a causa de [&hellip;]","og_url":"https:\/\/www.fcpr.org\/en\/video-mi-trayecto-empresarial-historias-de-emprendedores-boricuas\/","og_site_name":"Fundaci\u00f3n Comunitaria de Puerto Rico","article_publisher":"https:\/\/www.facebook.com\/FundacionComunitaria","article_published_time":"2023-10-02T19:46:54+00:00","article_modified_time":"2023-11-13T14:41:43+00:00","og_image":[{"width":1198,"height":673,"url":"https:\/\/www.fcpr.org\/wp-content\/uploads\/2023\/10\/trio-3-min-1-e1696445228571.png","type":"image\/png"}],"author":"FCPR","twitter_card":"summary_large_image","twitter_creator":"@FComunitaria","twitter_site":"@FComunitaria","twitter_misc":{"Written by":"FCPR"},"schema":{"@context":"https:\/\/schema.org","@graph":[{"@type":"Article","@id":"https:\/\/www.fcpr.org\/video-mi-trayecto-empresarial-historias-de-emprendedores-boricuas\/#article","isPartOf":{"@id":"https:\/\/www.fcpr.org\/video-mi-trayecto-empresarial-historias-de-emprendedores-boricuas\/"},"author":{"name":"FCPR","@id":"https:\/\/www.fcpr.org\/#\/schema\/person\/8231c5ec4d08352e6a4ce3702e35f3c3"},"headline":"V\u00cdDEO | Mi Trayecto Empresarial: Historias de Emprendedores Boricuas","datePublished":"2023-10-02T19:46:54+00:00","dateModified":"2023-11-13T14:41:43+00:00","mainEntityOfPage":{"@id":"https:\/\/www.fcpr.org\/video-mi-trayecto-empresarial-historias-de-emprendedores-boricuas\/"},"wordCount":102,"commentCount":0,"publisher":{"@id":"https:\/\/www.fcpr.org\/#organization"},"image":{"@id":"https:\/\/www.fcpr.org\/video-mi-trayecto-empresarial-historias-de-emprendedores-boricuas\/#primaryimage"},"thumbnailUrl":"https:\/\/www.fcpr.org\/wp-content\/uploads\/2023\/10\/trio-3-min-1-e1696445228571.png","keywords":["aceleradoras","Educaci\u00f3n","Emprendimiento","Incubadoras"],"articleSection":["Blog"],"inLanguage":"en-US","potentialAction":[{"@type":"CommentAction","name":"Comment","target":["https:\/\/www.fcpr.org\/video-mi-trayecto-empresarial-historias-de-emprendedores-boricuas\/#respond"]}]},{"@type":"WebPage","@id":"https:\/\/www.fcpr.org\/video-mi-trayecto-empresarial-historias-de-emprendedores-boricuas\/","url":"https:\/\/www.fcpr.org\/video-mi-trayecto-empresarial-historias-de-emprendedores-boricuas\/","name":"V\u00cdDEO | Mi Trayecto Empresarial: Historias de Emprendedores Boricuas - Fundaci\u00f3n Comunitaria de Puerto Rico","isPartOf":{"@id":"https:\/\/www.fcpr.org\/#website"},"primaryImageOfPage":{"@id":"https:\/\/www.fcpr.org\/video-mi-trayecto-empresarial-historias-de-emprendedores-boricuas\/#primaryimage"},"image":{"@id":"https:\/\/www.fcpr.org\/video-mi-trayecto-empresarial-historias-de-emprendedores-boricuas\/#primaryimage"},"thumbnailUrl":"https:\/\/www.fcpr.org\/wp-content\/uploads\/2023\/10\/trio-3-min-1-e1696445228571.png","datePublished":"2023-10-02T19:46:54+00:00","dateModified":"2023-11-13T14:41:43+00:00","breadcrumb":{"@id":"https:\/\/www.fcpr.org\/video-mi-trayecto-empresarial-historias-de-emprendedores-boricuas\/#breadcrumb"},"inLanguage":"en-US","potentialAction":[{"@type":"ReadAction","target":["https:\/\/www.fcpr.org\/video-mi-trayecto-empresarial-historias-de-emprendedores-boricuas\/"]}]},{"@type":"ImageObject","inLanguage":"en-US","@id":"https:\/\/www.fcpr.org\/video-mi-trayecto-empresarial-historias-de-emprendedores-boricuas\/#primaryimage","url":"https:\/\/www.fcpr.org\/wp-content\/uploads\/2023\/10\/trio-3-min-1-e1696445228571.png","contentUrl":"https:\/\/www.fcpr.org\/wp-content\/uploads\/2023\/10\/trio-3-min-1-e1696445228571.png","width":1198,"height":673},{"@type":"BreadcrumbList","@id":"https:\/\/www.fcpr.org\/video-mi-trayecto-empresarial-historias-de-emprendedores-boricuas\/#breadcrumb","itemListElement":[{"@type":"ListItem","position":1,"name":"Home","item":"https:\/\/www.fcpr.org\/"},{"@type":"ListItem","position":2,"name":"V\u00cdDEO | Mi Trayecto Empresarial: Historias de Emprendedores Boricuas"}]},{"@type":"WebSite","@id":"https:\/\/www.fcpr.org\/#website","url":"https:\/\/www.fcpr.org\/","name":"Puerto Rico Community Foundation","description":"Strengthening Community Capital","publisher":{"@id":"https:\/\/www.fcpr.org\/#organization"},"potentialAction":[{"@type":"SearchAction","target":{"@type":"EntryPoint","urlTemplate":"https:\/\/www.fcpr.org\/?s={search_term_string}"},"query-input":{"@type":"PropertyValueSpecification","valueRequired":true,"valueName":"search_term_string"}}],"inLanguage":"en-US"},{"@type":"Organization","@id":"https:\/\/www.fcpr.org\/#organization","name":"Puerto Rico Community Foundation","url":"https:\/\/www.fcpr.org\/","logo":{"@type":"ImageObject","inLanguage":"en-US","@id":"https:\/\/www.fcpr.org\/#\/schema\/logo\/image\/","url":"https:\/\/www.fcpr.org\/wp-content\/uploads\/2016\/08\/logo-corp-red.png","contentUrl":"https:\/\/www.fcpr.org\/wp-content\/uploads\/2016\/08\/logo-corp-red.png","width":221,"height":32,"caption":"Fundaci\u00f3n Comunitaria de Puerto Rico"},"image":{"@id":"https:\/\/www.fcpr.org\/#\/schema\/logo\/image\/"},"sameAs":["https:\/\/www.facebook.com\/FundacionComunitaria","https:\/\/x.com\/FComunitaria","https:\/\/www.instagram.com\/fundacioncomunitaria\/","https:\/\/www.youtube.com\/channel\/UCGGW21eIGw6NRin0BrylmWg"]},{"@type":"Person","@id":"https:\/\/www.fcpr.org\/#\/schema\/person\/8231c5ec4d08352e6a4ce3702e35f3c3","name":"FCPR","image":{"@type":"ImageObject","inLanguage":"en-US","@id":"https:\/\/secure.gravatar.com\/avatar\/fe4949f530883214bb05bea93cfcc96c4a6905a6c377112f07f806bafc3a2e5d?s=96&d=blank&r=g","url":"https:\/\/secure.gravatar.com\/avatar\/fe4949f530883214bb05bea93cfcc96c4a6905a6c377112f07f806bafc3a2e5d?s=96&d=blank&r=g","contentUrl":"https:\/\/secure.gravatar.com\/avatar\/fe4949f530883214bb05bea93cfcc96c4a6905a6c377112f07f806bafc3a2e5d?s=96&d=blank&r=g","caption":"FCPR"},"url":"https:\/\/www.fcpr.org\/en\/author\/perla\/"}]}},"_links":{"self":[{"href":"https:\/\/www.fcpr.org\/en\/wp-json\/wp\/v2\/posts\/14612","targetHints":{"allow":["GET"]}}],"collection":[{"href":"https:\/\/www.fcpr.org\/en\/wp-json\/wp\/v2\/posts"}],"about":[{"href":"https:\/\/www.fcpr.org\/en\/wp-json\/wp\/v2\/types\/post"}],"author":[{"embeddable":true,"href":"https:\/\/www.fcpr.org\/en\/wp-json\/wp\/v2\/users\/4"}],"replies":[{"embeddable":true,"href":"https:\/\/www.fcpr.org\/en\/wp-json\/wp\/v2\/comments?post=14612"}],"version-history":[{"count":18,"href":"https:\/\/www.fcpr.org\/en\/wp-json\/wp\/v2\/posts\/14612\/revisions"}],"predecessor-version":[{"id":14693,"href":"https:\/\/www.fcpr.org\/en\/wp-json\/wp\/v2\/posts\/14612\/revisions\/14693"}],"wp:featuredmedia":[{"embeddable":true,"href":"https:\/\/www.fcpr.org\/en\/wp-json\/wp\/v2\/media\/14629"}],"wp:attachment":[{"href":"https:\/\/www.fcpr.org\/en\/wp-json\/wp\/v2\/media?parent=14612"}],"wp:term":[{"taxonomy":"category","embeddable":true,"href":"https:\/\/www.fcpr.org\/en\/wp-json\/wp\/v2\/categories?post=14612"},{"taxonomy":"post_tag","embeddable":true,"href":"https:\/\/www.fcpr.org\/en\/wp-json\/wp\/v2\/tags?post=14612"}],"curies":[{"name":"wp","href":"https:\/\/api.w.org\/{rel}","templated":true}]}}