{"id":14659,"date":"2023-10-11T10:50:46","date_gmt":"2023-10-11T14:50:46","guid":{"rendered":"https:\/\/www.fcpr.org\/?p=14659"},"modified":"2023-10-11T11:11:23","modified_gmt":"2023-10-11T15:11:23","slug":"resiliencia-energetica-para-instalaciones-criticas","status":"publish","type":"post","link":"https:\/\/www.fcpr.org\/en\/resiliencia-energetica-para-instalaciones-criticas\/","title":{"rendered":"Energy resilience for critical facilities"},"content":{"rendered":"<p><em>Article published in the 2022 Annual Report<\/em><\/p>\n\n\n\n<p>El a\u00f1o 2022 vio concretizado un proyecto que comenz\u00f3 a gestarse a finales del a\u00f1o 2020, justo en medio de la pandemia del COVID-19. Un grupo de organizaciones filantr\u00f3picas y sin fines de lucro se unieron para impulsar instalaciones comunitarias resilientes, y redefini\u00f3 el concepto de instalaciones cr\u00edticas en comunidades vulnerables de Puerto Rico. <\/p>\n\n\n\n<p>Estas instalaciones cr\u00edticas se definir\u00edan como lugares c\u00e9ntricos de f\u00e1cil acceso y que podr\u00edan proveer otros art\u00edculos o servicios esenciales para la sobrevivencia. <\/p>\n\n\n\n<p>Tambi\u00e9n se trataba de buscar la forma de ampliar el impacto de las inversiones filantr\u00f3picas para que mayor cantidad de instalaciones, y por ende de comunidades, se beneficiaran del acceso a energ\u00eda renovable, lo que las convert\u00eda en centros de resiliencia comunitaria \u2013adem\u00e1s de recibir ahorros energ\u00e9ticos.<\/p>\n\n\n\n<p>El novel proyecto utiliz\u00f3 un modelo que inclu\u00eda fuentes econ\u00f3micas combinadas: subvenciones filantr\u00f3picas y financiamiento, y se dio a conocer como la Iniciativa de Resiliencia Energ\u00e9tica Comunitaria (CERI por sus siglas en ingl\u00e9s), integrada por la FCPR. RMI y The Global Energy Alliance for People and Planet. Esta iniciativa, pionera en el Caribe, promueve el acceso a energ\u00eda limpia y asequible en cinco (5) comunidades vulnerables en Puerto Rico y las hace resilientes para seguir proveyendo servicios esenciales durante emergencias e interrupciones del servicio el\u00e9ctrico.<\/p>\n\n\n\n<h2 class=\"wp-block-heading\">Estrenan modelo de resiliencia energ\u00e9tica <\/h2>\n\n\n\n<p>En junio del 2022, tres de las cinco instalaciones estrenaron el modelo: Instituto Pre-Vocacional e Industrial de Puerto Rico (IPVI), en Arecibo*; Farmacia Jomari, en Patillas; y Valent\u00edn Service Station, en Utuado. <\/p>\n\n\n\n<p>Para cada instalaci\u00f3n se hizo un dise\u00f1o de microrred solar con almacenamiento. Luego se unieron Panader\u00eda Mi Arco\u00edris, en Jayuya, y la Red por los Derechos de la Ninez y la Juventud de Puerto Rico (RDNJPR), en Juncos. <\/p>\n\n\n\n<p>En las primeras cuatro instalaciones hubo participaci\u00f3n financiera de parte de Banco Popular y CooPACA. En el caso de la RDNJPR, el pr\u00e9stamo fue otorgado por el Fondo de Inversi\u00f3n Comunitaria (FIC) de la FCPR.<\/p>\n\n\n\n<h6 class=\"wp-block-heading\">You can learn more about our work with the communities in the <a href=\"https:\/\/www.fcpr.org\/en\/2023\/10\/06\/informe-anual-2022-ano-de-encender-nuevas-oportunidades-en-las-comunidades\/\">Annual Report 2022. <\/a><\/h6>","protected":false},"excerpt":{"rendered":"<p>Art\u00edculo publicado en el Informe Anual 2022 El a\u00f1o 2022 vio concretizado un proyecto que comenz\u00f3 a gestarse a finales del a\u00f1o 2020, justo en medio de la pandemia del COVID-19. Un grupo de organizaciones filantr\u00f3picas y sin fines de lucro se unieron para impulsar instalaciones comunitarias resilientes, y redefini\u00f3 el concepto de instalaciones cr\u00edticas [&hellip;]<\/p>\n","protected":false},"author":7,"featured_media":14661,"comment_status":"open","ping_status":"open","sticky":false,"template":"","format":"standard","meta":{"give_campaign_id":0,"footnotes":""},"categories":[36],"tags":[706,95,755],"class_list":["post-14659","post","type-post","status-publish","format-standard","has-post-thumbnail","hentry","category-blog","tag-ceri","tag-energia","tag-instalaciones-criticas"],"yoast_head":"<!-- This site is optimized with the Yoast SEO Premium plugin v27.5 (Yoast SEO v27.5) - https:\/\/yoast.com\/product\/yoast-seo-premium-wordpress\/ -->\n<title>Resiliencia energ\u00e9tica para instalaciones cr\u00edticas - Fundaci\u00f3n Comunitaria de Puerto Rico<\/title>\n<meta name=\"robots\" content=\"index, follow, max-snippet:-1, max-image-preview:large, max-video-preview:-1\" \/>\n<link rel=\"canonical\" href=\"https:\/\/www.fcpr.org\/en\/resiliencia-energetica-para-instalaciones-criticas\/\" \/>\n<meta property=\"og:locale\" content=\"en_US\" \/>\n<meta property=\"og:type\" content=\"article\" \/>\n<meta property=\"og:title\" content=\"Resiliencia energ\u00e9tica para instalaciones cr\u00edticas\" \/>\n<meta property=\"og:description\" content=\"Art\u00edculo publicado en el Informe Anual 2022 El a\u00f1o 2022 vio concretizado un proyecto que comenz\u00f3 a gestarse a finales del a\u00f1o 2020, justo en medio de la pandemia del COVID-19. Un grupo de organizaciones filantr\u00f3picas y sin fines de lucro se unieron para impulsar instalaciones comunitarias resilientes, y redefini\u00f3 el concepto de instalaciones cr\u00edticas [&hellip;]\" \/>\n<meta property=\"og:url\" content=\"https:\/\/www.fcpr.org\/en\/resiliencia-energetica-para-instalaciones-criticas\/\" \/>\n<meta property=\"og:site_name\" content=\"Fundaci\u00f3n Comunitaria de Puerto Rico\" \/>\n<meta property=\"article:publisher\" content=\"https:\/\/www.facebook.com\/FundacionComunitaria\" \/>\n<meta property=\"article:published_time\" content=\"2023-10-11T14:50:46+00:00\" \/>\n<meta property=\"article:modified_time\" content=\"2023-10-11T15:11:23+00:00\" \/>\n<meta property=\"og:image\" content=\"https:\/\/www.fcpr.org\/wp-content\/uploads\/2023\/10\/32-min-1-e1702388632661.jpg\" \/>\n\t<meta property=\"og:image:width\" content=\"1199\" \/>\n\t<meta property=\"og:image:height\" content=\"823\" \/>\n\t<meta property=\"og:image:type\" content=\"image\/jpeg\" \/>\n<meta name=\"author\" content=\"Libni Sanjurjo\" \/>\n<meta name=\"twitter:card\" content=\"summary_large_image\" \/>\n<meta name=\"twitter:creator\" content=\"@FComunitaria\" \/>\n<meta name=\"twitter:site\" content=\"@FComunitaria\" \/>\n<meta name=\"twitter:label1\" content=\"Written by\" \/>\n\t<meta name=\"twitter:data1\" content=\"Libni Sanjurjo\" \/>\n\t<meta name=\"twitter:label2\" content=\"Est. reading time\" \/>\n\t<meta name=\"twitter:data2\" content=\"2 minutes\" \/>\n<script type=\"application\/ld+json\" class=\"yoast-schema-graph\">{\"@context\":\"https:\\\/\\\/schema.org\",\"@graph\":[{\"@type\":\"Article\",\"@id\":\"https:\\\/\\\/www.fcpr.org\\\/resiliencia-energetica-para-instalaciones-criticas\\\/#article\",\"isPartOf\":{\"@id\":\"https:\\\/\\\/www.fcpr.org\\\/resiliencia-energetica-para-instalaciones-criticas\\\/\"},\"author\":{\"name\":\"Libni Sanjurjo\",\"@id\":\"https:\\\/\\\/www.fcpr.org\\\/#\\\/schema\\\/person\\\/49ddf8247898f4a287fad4df52650612\"},\"headline\":\"Resiliencia energ\u00e9tica para instalaciones cr\u00edticas\",\"datePublished\":\"2023-10-11T14:50:46+00:00\",\"dateModified\":\"2023-10-11T15:11:23+00:00\",\"mainEntityOfPage\":{\"@id\":\"https:\\\/\\\/www.fcpr.org\\\/resiliencia-energetica-para-instalaciones-criticas\\\/\"},\"wordCount\":375,\"commentCount\":0,\"publisher\":{\"@id\":\"https:\\\/\\\/www.fcpr.org\\\/#organization\"},\"image\":{\"@id\":\"https:\\\/\\\/www.fcpr.org\\\/resiliencia-energetica-para-instalaciones-criticas\\\/#primaryimage\"},\"thumbnailUrl\":\"https:\\\/\\\/www.fcpr.org\\\/wp-content\\\/uploads\\\/2023\\\/10\\\/32-min-1-e1702388632661.jpg\",\"keywords\":[\"CERI\",\"energ\u00eda\",\"instalaciones cr\u00edticas\"],\"articleSection\":[\"Blog\"],\"inLanguage\":\"en-US\",\"potentialAction\":[{\"@type\":\"CommentAction\",\"name\":\"Comment\",\"target\":[\"https:\\\/\\\/www.fcpr.org\\\/resiliencia-energetica-para-instalaciones-criticas\\\/#respond\"]}]},{\"@type\":\"WebPage\",\"@id\":\"https:\\\/\\\/www.fcpr.org\\\/resiliencia-energetica-para-instalaciones-criticas\\\/\",\"url\":\"https:\\\/\\\/www.fcpr.org\\\/resiliencia-energetica-para-instalaciones-criticas\\\/\",\"name\":\"Resiliencia energ\u00e9tica para instalaciones cr\u00edticas - Fundaci\u00f3n Comunitaria de Puerto Rico\",\"isPartOf\":{\"@id\":\"https:\\\/\\\/www.fcpr.org\\\/#website\"},\"primaryImageOfPage\":{\"@id\":\"https:\\\/\\\/www.fcpr.org\\\/resiliencia-energetica-para-instalaciones-criticas\\\/#primaryimage\"},\"image\":{\"@id\":\"https:\\\/\\\/www.fcpr.org\\\/resiliencia-energetica-para-instalaciones-criticas\\\/#primaryimage\"},\"thumbnailUrl\":\"https:\\\/\\\/www.fcpr.org\\\/wp-content\\\/uploads\\\/2023\\\/10\\\/32-min-1-e1702388632661.jpg\",\"datePublished\":\"2023-10-11T14:50:46+00:00\",\"dateModified\":\"2023-10-11T15:11:23+00:00\",\"breadcrumb\":{\"@id\":\"https:\\\/\\\/www.fcpr.org\\\/resiliencia-energetica-para-instalaciones-criticas\\\/#breadcrumb\"},\"inLanguage\":\"en-US\",\"potentialAction\":[{\"@type\":\"ReadAction\",\"target\":[\"https:\\\/\\\/www.fcpr.org\\\/resiliencia-energetica-para-instalaciones-criticas\\\/\"]}]},{\"@type\":\"ImageObject\",\"inLanguage\":\"en-US\",\"@id\":\"https:\\\/\\\/www.fcpr.org\\\/resiliencia-energetica-para-instalaciones-criticas\\\/#primaryimage\",\"url\":\"https:\\\/\\\/www.fcpr.org\\\/wp-content\\\/uploads\\\/2023\\\/10\\\/32-min-1-e1702388632661.jpg\",\"contentUrl\":\"https:\\\/\\\/www.fcpr.org\\\/wp-content\\\/uploads\\\/2023\\\/10\\\/32-min-1-e1702388632661.jpg\",\"width\":1199,\"height\":823},{\"@type\":\"BreadcrumbList\",\"@id\":\"https:\\\/\\\/www.fcpr.org\\\/resiliencia-energetica-para-instalaciones-criticas\\\/#breadcrumb\",\"itemListElement\":[{\"@type\":\"ListItem\",\"position\":1,\"name\":\"Home\",\"item\":\"https:\\\/\\\/www.fcpr.org\\\/\"},{\"@type\":\"ListItem\",\"position\":2,\"name\":\"Resiliencia energ\u00e9tica para instalaciones cr\u00edticas\"}]},{\"@type\":\"WebSite\",\"@id\":\"https:\\\/\\\/www.fcpr.org\\\/#website\",\"url\":\"https:\\\/\\\/www.fcpr.org\\\/\",\"name\":\"Fundaci\u00f3n Comunitaria de Puerto Rico\",\"description\":\"Fortaleciendo el Capital Comunitario\",\"publisher\":{\"@id\":\"https:\\\/\\\/www.fcpr.org\\\/#organization\"},\"potentialAction\":[{\"@type\":\"SearchAction\",\"target\":{\"@type\":\"EntryPoint\",\"urlTemplate\":\"https:\\\/\\\/www.fcpr.org\\\/?s={search_term_string}\"},\"query-input\":{\"@type\":\"PropertyValueSpecification\",\"valueRequired\":true,\"valueName\":\"search_term_string\"}}],\"inLanguage\":\"en-US\"},{\"@type\":\"Organization\",\"@id\":\"https:\\\/\\\/www.fcpr.org\\\/#organization\",\"name\":\"Fundaci\u00f3n Comunitaria de Puerto Rico\",\"url\":\"https:\\\/\\\/www.fcpr.org\\\/\",\"logo\":{\"@type\":\"ImageObject\",\"inLanguage\":\"en-US\",\"@id\":\"https:\\\/\\\/www.fcpr.org\\\/#\\\/schema\\\/logo\\\/image\\\/\",\"url\":\"https:\\\/\\\/www.fcpr.org\\\/wp-content\\\/uploads\\\/2016\\\/08\\\/logo-corp-red.png\",\"contentUrl\":\"https:\\\/\\\/www.fcpr.org\\\/wp-content\\\/uploads\\\/2016\\\/08\\\/logo-corp-red.png\",\"width\":221,\"height\":32,\"caption\":\"Fundaci\u00f3n Comunitaria de Puerto Rico\"},\"image\":{\"@id\":\"https:\\\/\\\/www.fcpr.org\\\/#\\\/schema\\\/logo\\\/image\\\/\"},\"sameAs\":[\"https:\\\/\\\/www.facebook.com\\\/FundacionComunitaria\",\"https:\\\/\\\/x.com\\\/FComunitaria\",\"https:\\\/\\\/www.instagram.com\\\/fundacioncomunitaria\\\/\",\"https:\\\/\\\/www.youtube.com\\\/channel\\\/UCGGW21eIGw6NRin0BrylmWg\"]},{\"@type\":\"Person\",\"@id\":\"https:\\\/\\\/www.fcpr.org\\\/#\\\/schema\\\/person\\\/49ddf8247898f4a287fad4df52650612\",\"name\":\"Libni Sanjurjo\",\"image\":{\"@type\":\"ImageObject\",\"inLanguage\":\"en-US\",\"@id\":\"https:\\\/\\\/secure.gravatar.com\\\/avatar\\\/b4adea318df4c70b94a623d3f26fa06bc9ebbf768514d2cb1cb40c4ebf4c2c32?s=96&d=blank&r=g\",\"url\":\"https:\\\/\\\/secure.gravatar.com\\\/avatar\\\/b4adea318df4c70b94a623d3f26fa06bc9ebbf768514d2cb1cb40c4ebf4c2c32?s=96&d=blank&r=g\",\"contentUrl\":\"https:\\\/\\\/secure.gravatar.com\\\/avatar\\\/b4adea318df4c70b94a623d3f26fa06bc9ebbf768514d2cb1cb40c4ebf4c2c32?s=96&d=blank&r=g\",\"caption\":\"Libni Sanjurjo\"},\"sameAs\":[\"https:\\\/\\\/fcpr.org\"],\"url\":\"https:\\\/\\\/www.fcpr.org\\\/en\\\/author\\\/lisanfcpr\\\/\"}]}<\/script>\n<!-- \/ Yoast SEO Premium plugin. -->","yoast_head_json":{"title":"Resiliencia energ\u00e9tica para instalaciones cr\u00edticas - Fundaci\u00f3n Comunitaria de Puerto Rico","robots":{"index":"index","follow":"follow","max-snippet":"max-snippet:-1","max-image-preview":"max-image-preview:large","max-video-preview":"max-video-preview:-1"},"canonical":"https:\/\/www.fcpr.org\/en\/resiliencia-energetica-para-instalaciones-criticas\/","og_locale":"en_US","og_type":"article","og_title":"Resiliencia energ\u00e9tica para instalaciones cr\u00edticas","og_description":"Art\u00edculo publicado en el Informe Anual 2022 El a\u00f1o 2022 vio concretizado un proyecto que comenz\u00f3 a gestarse a finales del a\u00f1o 2020, justo en medio de la pandemia del COVID-19. Un grupo de organizaciones filantr\u00f3picas y sin fines de lucro se unieron para impulsar instalaciones comunitarias resilientes, y redefini\u00f3 el concepto de instalaciones cr\u00edticas [&hellip;]","og_url":"https:\/\/www.fcpr.org\/en\/resiliencia-energetica-para-instalaciones-criticas\/","og_site_name":"Fundaci\u00f3n Comunitaria de Puerto Rico","article_publisher":"https:\/\/www.facebook.com\/FundacionComunitaria","article_published_time":"2023-10-11T14:50:46+00:00","article_modified_time":"2023-10-11T15:11:23+00:00","og_image":[{"width":1199,"height":823,"url":"https:\/\/www.fcpr.org\/wp-content\/uploads\/2023\/10\/32-min-1-e1702388632661.jpg","type":"image\/jpeg"}],"author":"Libni Sanjurjo","twitter_card":"summary_large_image","twitter_creator":"@FComunitaria","twitter_site":"@FComunitaria","twitter_misc":{"Written by":"Libni Sanjurjo","Est. reading time":"2 minutes"},"schema":{"@context":"https:\/\/schema.org","@graph":[{"@type":"Article","@id":"https:\/\/www.fcpr.org\/resiliencia-energetica-para-instalaciones-criticas\/#article","isPartOf":{"@id":"https:\/\/www.fcpr.org\/resiliencia-energetica-para-instalaciones-criticas\/"},"author":{"name":"Libni Sanjurjo","@id":"https:\/\/www.fcpr.org\/#\/schema\/person\/49ddf8247898f4a287fad4df52650612"},"headline":"Resiliencia energ\u00e9tica para instalaciones cr\u00edticas","datePublished":"2023-10-11T14:50:46+00:00","dateModified":"2023-10-11T15:11:23+00:00","mainEntityOfPage":{"@id":"https:\/\/www.fcpr.org\/resiliencia-energetica-para-instalaciones-criticas\/"},"wordCount":375,"commentCount":0,"publisher":{"@id":"https:\/\/www.fcpr.org\/#organization"},"image":{"@id":"https:\/\/www.fcpr.org\/resiliencia-energetica-para-instalaciones-criticas\/#primaryimage"},"thumbnailUrl":"https:\/\/www.fcpr.org\/wp-content\/uploads\/2023\/10\/32-min-1-e1702388632661.jpg","keywords":["CERI","energ\u00eda","instalaciones cr\u00edticas"],"articleSection":["Blog"],"inLanguage":"en-US","potentialAction":[{"@type":"CommentAction","name":"Comment","target":["https:\/\/www.fcpr.org\/resiliencia-energetica-para-instalaciones-criticas\/#respond"]}]},{"@type":"WebPage","@id":"https:\/\/www.fcpr.org\/resiliencia-energetica-para-instalaciones-criticas\/","url":"https:\/\/www.fcpr.org\/resiliencia-energetica-para-instalaciones-criticas\/","name":"Resiliencia energ\u00e9tica para instalaciones cr\u00edticas - Fundaci\u00f3n Comunitaria de Puerto Rico","isPartOf":{"@id":"https:\/\/www.fcpr.org\/#website"},"primaryImageOfPage":{"@id":"https:\/\/www.fcpr.org\/resiliencia-energetica-para-instalaciones-criticas\/#primaryimage"},"image":{"@id":"https:\/\/www.fcpr.org\/resiliencia-energetica-para-instalaciones-criticas\/#primaryimage"},"thumbnailUrl":"https:\/\/www.fcpr.org\/wp-content\/uploads\/2023\/10\/32-min-1-e1702388632661.jpg","datePublished":"2023-10-11T14:50:46+00:00","dateModified":"2023-10-11T15:11:23+00:00","breadcrumb":{"@id":"https:\/\/www.fcpr.org\/resiliencia-energetica-para-instalaciones-criticas\/#breadcrumb"},"inLanguage":"en-US","potentialAction":[{"@type":"ReadAction","target":["https:\/\/www.fcpr.org\/resiliencia-energetica-para-instalaciones-criticas\/"]}]},{"@type":"ImageObject","inLanguage":"en-US","@id":"https:\/\/www.fcpr.org\/resiliencia-energetica-para-instalaciones-criticas\/#primaryimage","url":"https:\/\/www.fcpr.org\/wp-content\/uploads\/2023\/10\/32-min-1-e1702388632661.jpg","contentUrl":"https:\/\/www.fcpr.org\/wp-content\/uploads\/2023\/10\/32-min-1-e1702388632661.jpg","width":1199,"height":823},{"@type":"BreadcrumbList","@id":"https:\/\/www.fcpr.org\/resiliencia-energetica-para-instalaciones-criticas\/#breadcrumb","itemListElement":[{"@type":"ListItem","position":1,"name":"Home","item":"https:\/\/www.fcpr.org\/"},{"@type":"ListItem","position":2,"name":"Resiliencia energ\u00e9tica para instalaciones cr\u00edticas"}]},{"@type":"WebSite","@id":"https:\/\/www.fcpr.org\/#website","url":"https:\/\/www.fcpr.org\/","name":"Puerto Rico Community Foundation","description":"Strengthening Community Capital","publisher":{"@id":"https:\/\/www.fcpr.org\/#organization"},"potentialAction":[{"@type":"SearchAction","target":{"@type":"EntryPoint","urlTemplate":"https:\/\/www.fcpr.org\/?s={search_term_string}"},"query-input":{"@type":"PropertyValueSpecification","valueRequired":true,"valueName":"search_term_string"}}],"inLanguage":"en-US"},{"@type":"Organization","@id":"https:\/\/www.fcpr.org\/#organization","name":"Puerto Rico Community Foundation","url":"https:\/\/www.fcpr.org\/","logo":{"@type":"ImageObject","inLanguage":"en-US","@id":"https:\/\/www.fcpr.org\/#\/schema\/logo\/image\/","url":"https:\/\/www.fcpr.org\/wp-content\/uploads\/2016\/08\/logo-corp-red.png","contentUrl":"https:\/\/www.fcpr.org\/wp-content\/uploads\/2016\/08\/logo-corp-red.png","width":221,"height":32,"caption":"Fundaci\u00f3n Comunitaria de Puerto Rico"},"image":{"@id":"https:\/\/www.fcpr.org\/#\/schema\/logo\/image\/"},"sameAs":["https:\/\/www.facebook.com\/FundacionComunitaria","https:\/\/x.com\/FComunitaria","https:\/\/www.instagram.com\/fundacioncomunitaria\/","https:\/\/www.youtube.com\/channel\/UCGGW21eIGw6NRin0BrylmWg"]},{"@type":"Person","@id":"https:\/\/www.fcpr.org\/#\/schema\/person\/49ddf8247898f4a287fad4df52650612","name":"Libni Sanjurjo","image":{"@type":"ImageObject","inLanguage":"en-US","@id":"https:\/\/secure.gravatar.com\/avatar\/b4adea318df4c70b94a623d3f26fa06bc9ebbf768514d2cb1cb40c4ebf4c2c32?s=96&d=blank&r=g","url":"https:\/\/secure.gravatar.com\/avatar\/b4adea318df4c70b94a623d3f26fa06bc9ebbf768514d2cb1cb40c4ebf4c2c32?s=96&d=blank&r=g","contentUrl":"https:\/\/secure.gravatar.com\/avatar\/b4adea318df4c70b94a623d3f26fa06bc9ebbf768514d2cb1cb40c4ebf4c2c32?s=96&d=blank&r=g","caption":"Libni Sanjurjo"},"sameAs":["https:\/\/fcpr.org"],"url":"https:\/\/www.fcpr.org\/en\/author\/lisanfcpr\/"}]}},"_links":{"self":[{"href":"https:\/\/www.fcpr.org\/en\/wp-json\/wp\/v2\/posts\/14659","targetHints":{"allow":["GET"]}}],"collection":[{"href":"https:\/\/www.fcpr.org\/en\/wp-json\/wp\/v2\/posts"}],"about":[{"href":"https:\/\/www.fcpr.org\/en\/wp-json\/wp\/v2\/types\/post"}],"author":[{"embeddable":true,"href":"https:\/\/www.fcpr.org\/en\/wp-json\/wp\/v2\/users\/7"}],"replies":[{"embeddable":true,"href":"https:\/\/www.fcpr.org\/en\/wp-json\/wp\/v2\/comments?post=14659"}],"version-history":[{"count":6,"href":"https:\/\/www.fcpr.org\/en\/wp-json\/wp\/v2\/posts\/14659\/revisions"}],"predecessor-version":[{"id":14714,"href":"https:\/\/www.fcpr.org\/en\/wp-json\/wp\/v2\/posts\/14659\/revisions\/14714"}],"wp:featuredmedia":[{"embeddable":true,"href":"https:\/\/www.fcpr.org\/en\/wp-json\/wp\/v2\/media\/14661"}],"wp:attachment":[{"href":"https:\/\/www.fcpr.org\/en\/wp-json\/wp\/v2\/media?parent=14659"}],"wp:term":[{"taxonomy":"category","embeddable":true,"href":"https:\/\/www.fcpr.org\/en\/wp-json\/wp\/v2\/categories?post=14659"},{"taxonomy":"post_tag","embeddable":true,"href":"https:\/\/www.fcpr.org\/en\/wp-json\/wp\/v2\/tags?post=14659"}],"curies":[{"name":"wp","href":"https:\/\/api.w.org\/{rel}","templated":true}]}}