{"id":15529,"date":"2024-04-08T10:22:57","date_gmt":"2024-04-08T14:22:57","guid":{"rendered":"https:\/\/www.fcpr.org\/?p=15529"},"modified":"2024-04-08T10:24:08","modified_gmt":"2024-04-08T14:24:08","slug":"innovacion-con-proposito-lexus-reconoce-a-visionarios-sociales","status":"publish","type":"post","link":"https:\/\/www.fcpr.org\/en\/innovacion-con-proposito-lexus-reconoce-a-visionarios-sociales\/","title":{"rendered":"Innovation with purpose: Lexus recognizes social visionaries"},"content":{"rendered":"<h2 class=\"wp-block-heading\">La marca de autos de lujo entreg\u00f3 $30,000 a tres emprendedores en su competencia de innovaci\u00f3n social Lexus Design with Purpose.<\/h2>\n\n\n\n<p><em>Comunicado publicado por Lexus (Lexus Design with Purpose es administrado por la FCPR)<\/em><\/p>\n\n\n\n<p>Tres dise\u00f1os con soluciones a problemas de salud y medio ambiente ganaron el programa<strong> Lexus Design with Purpose 2024, <\/strong>iniciativa de la empresa automotriz por tercer a\u00f1o consecutivo, para fomentar el desarrollo de innovaciones que anticipen y solucionen desaf\u00edos sociales.<\/p>\n\n\n\n<p>Lexus Design with Purpose es una propuesta de innovaci\u00f3n y compromiso social a trav\u00e9s del dise\u00f1o. Para la marca, el dise\u00f1o es m\u00e1s que la est\u00e9tica superficial; es la capacidad para crear proyectos que conectan, integran, simplifican y transmiten soluciones. Este a\u00f1o se entreg\u00f3 un premio de $10,000 a cada uno de los emprendedores con los proyectos: RIO, Dosage Indicator Medicine Cap (DIMC, por sus siglas en ingl\u00e9s) y BRICK.<\/p>\n\n\n\n<p>\u00abAnte los retos ambientales, de salud, movilidad y educaci\u00f3n, los emprendedores tienen las circunstancias apropiadas para dise\u00f1ar un futuro mejor. La creatividad de los ganadores de este a\u00f1o nos inspira y reafirma el compromiso de Lexus con la innovaci\u00f3n y la responsabilidad social a trav\u00e9s del dise\u00f1o. En este tercer a\u00f1o, fueron tres los emprendedores con ideas que demuestran c\u00f3mo el dise\u00f1o, complementado con la conciencia social, resulta en proyectos funcionales que contribuyen a nuestra comunidad\u00bb, coment\u00f3 la vicepresidenta de operaciones y gerente general de Lexus en Puerto Rico, Jaycie Dane.<\/p>\n\n\n\n<p><strong>Pensadores y dise\u00f1adores con conciencia social<\/strong><\/p>\n\n\n\n<p>La Dra. Rosael Zeno Santi fue una de las ganadoras con la aplicaci\u00f3n para el manejo de conductas autolesivas, <strong>RIO<\/strong>. El proyecto nace de una preocupaci\u00f3n sobre la incidencia de esta conducta, particularmente entre estudiantes universitarios en el Recinto de R\u00edo Piedras. Con RIO, La Dra. Zeno y su equipo de investigaci\u00f3n transdisciplinario de la Universidad de Puerto Rico, pretenden atender esta situaci\u00f3n con un acercamiento innovador accesible y seguro para la poblaci\u00f3n. El premio de $10,000 ser\u00e1 dirigido a perfeccionar RIO 1.0 con funcionalidades avanzadas para una mejor experiencia de usuario y lanzar la versi\u00f3n 2.0.<\/p>\n\n\n\n<p>Una tapa indicadora de dosis de medicinas, <strong>DIMC,<\/strong> fue el segundo ganador, desarrollado por el emprendedor Nelson G. Frontany Collazo. DIMC es una tapa para frascos de medicamentos con una banda indicadora de dosis integrada para trabajar el reto de adherencia a los medicamentos debido al olvido. La idea de crear un sistema para recordar el consumo de las dosis correctas de medicamentos nace de las experiencias de Frontany, moldeada por el ajoro diario. El premio ser\u00e1 destinado para el desarrollo de prototipos funcionales y pruebas finales del dise\u00f1o.<\/p>\n\n\n\n<p><br>El tercer premio fue galardonado a Francisco Guillermo Susmel y Sergio Ortiz Pag\u00e1n con su dise\u00f1o <strong>BRICK,<\/strong> un bloque de construcci\u00f3n elaborado con materiales reciclables. Frente a la necesidad de adaptar el modelo de construcci\u00f3n actual a los desaf\u00edos del cambio clim\u00e1tico, Susmel y Ortiz, desarrollan materiales de construcci\u00f3n a partir de principios ecol\u00f3gicos y sociales. El premio ser\u00e1 invertido en la producci\u00f3n de prototipos y pruebas para identificar los mejores materiales que se adaptan a las necesidades de construcci\u00f3n local.<\/p>\n\n\n\n<p>Seg\u00fan Dane: \u00abes una responsabilidad grande pero muy necesaria dise\u00f1ar para un mejor ma\u00f1ana. Estamos muy emocionados de ver c\u00f3mo estas ideas se materializan y eventualmente impactan a nuestra comunidad\u201d, dijo durante la ceremonia de premiaci\u00f3n.<\/p>\n\n\n\n<p>Los proyectos ser\u00e1n desarrollados dentro del periodo de un a\u00f1o y fueron evaluados por un jurado de expertos de diferentes diciplinas. Este estuvo compuesto por la Sra. Jocelyn Capeles de la Fundaci\u00f3n Comunitaria de Puerto Rico, Katerina S\u00e1nchez del Grupo Guayac\u00e1n, el profesor Robin Planas de la Escuela de Arquitectura de la UPR, la dise\u00f1adora Bea Rodr\u00edguez Su\u00e1rez, la relacionista profesional de Lexus en Puerto Rico Saskia G\u00f3mez y Ang\u00e9lica M. Rub\u00ed Figueroa y Mily Hern\u00e1ndez de la firma de relaciones p\u00fablicas Comstat.<\/p>","protected":false},"excerpt":{"rendered":"<p>La marca de autos de lujo entreg\u00f3 $30,000 a tres emprendedores en su competencia de innovaci\u00f3n social Lexus Design with Purpose. Comunicado publicado por Lexus (Lexus Design with Purpose es administrado por la FCPR) Tres dise\u00f1os con soluciones a problemas de salud y medio ambiente ganaron el programa Lexus Design with Purpose 2024, iniciativa de [&hellip;]<\/p>\n","protected":false},"author":4,"featured_media":15061,"comment_status":"open","ping_status":"open","sticky":false,"template":"","format":"standard","meta":{"give_campaign_id":0,"footnotes":""},"categories":[406,32],"tags":[715,69,67,150,165],"class_list":["post-15529","post","type-post","status-publish","format-standard","has-post-thumbnail","hentry","category-comunicado","category-comunicados","tag-comunicado","tag-estudiantes","tag-fondos","tag-lexus","tag-toyota-2"],"yoast_head":"<!-- This site is optimized with the Yoast SEO Premium plugin v27.5 (Yoast SEO v27.5) - https:\/\/yoast.com\/product\/yoast-seo-premium-wordpress\/ -->\n<title>Innovaci\u00f3n con prop\u00f3sito: Lexus reconoce a visionarios sociales - Fundaci\u00f3n Comunitaria de Puerto Rico<\/title>\n<meta name=\"robots\" content=\"index, follow, max-snippet:-1, max-image-preview:large, max-video-preview:-1\" \/>\n<link rel=\"canonical\" href=\"https:\/\/www.fcpr.org\/en\/innovacion-con-proposito-lexus-reconoce-a-visionarios-sociales\/\" \/>\n<meta property=\"og:locale\" content=\"en_US\" \/>\n<meta property=\"og:type\" content=\"article\" \/>\n<meta property=\"og:title\" content=\"Innovaci\u00f3n con prop\u00f3sito: Lexus reconoce a visionarios sociales\" \/>\n<meta property=\"og:description\" content=\"La marca de autos de lujo entreg\u00f3 $30,000 a tres emprendedores en su competencia de innovaci\u00f3n social Lexus Design with Purpose. Comunicado publicado por Lexus (Lexus Design with Purpose es administrado por la FCPR) Tres dise\u00f1os con soluciones a problemas de salud y medio ambiente ganaron el programa Lexus Design with Purpose 2024, iniciativa de [&hellip;]\" \/>\n<meta property=\"og:url\" content=\"https:\/\/www.fcpr.org\/en\/innovacion-con-proposito-lexus-reconoce-a-visionarios-sociales\/\" \/>\n<meta property=\"og:site_name\" content=\"Fundaci\u00f3n Comunitaria de Puerto Rico\" \/>\n<meta property=\"article:publisher\" content=\"https:\/\/www.facebook.com\/FundacionComunitaria\" \/>\n<meta property=\"article:published_time\" content=\"2024-04-08T14:22:57+00:00\" \/>\n<meta property=\"article:modified_time\" content=\"2024-04-08T14:24:08+00:00\" \/>\n<meta property=\"og:image\" content=\"https:\/\/www.fcpr.org\/wp-content\/uploads\/2023\/11\/lexus-min-e1712586204690.png\" \/>\n\t<meta property=\"og:image:width\" content=\"1120\" \/>\n\t<meta property=\"og:image:height\" content=\"367\" \/>\n\t<meta property=\"og:image:type\" content=\"image\/png\" \/>\n<meta name=\"author\" content=\"FCPR\" \/>\n<meta name=\"twitter:card\" content=\"summary_large_image\" \/>\n<meta name=\"twitter:creator\" content=\"@FComunitaria\" \/>\n<meta name=\"twitter:site\" content=\"@FComunitaria\" \/>\n<meta name=\"twitter:label1\" content=\"Written by\" \/>\n\t<meta name=\"twitter:data1\" content=\"FCPR\" \/>\n\t<meta name=\"twitter:label2\" content=\"Est. reading time\" \/>\n\t<meta name=\"twitter:data2\" content=\"3 minutes\" \/>\n<script type=\"application\/ld+json\" class=\"yoast-schema-graph\">{\"@context\":\"https:\\\/\\\/schema.org\",\"@graph\":[{\"@type\":\"Article\",\"@id\":\"https:\\\/\\\/www.fcpr.org\\\/innovacion-con-proposito-lexus-reconoce-a-visionarios-sociales\\\/#article\",\"isPartOf\":{\"@id\":\"https:\\\/\\\/www.fcpr.org\\\/innovacion-con-proposito-lexus-reconoce-a-visionarios-sociales\\\/\"},\"author\":{\"name\":\"FCPR\",\"@id\":\"https:\\\/\\\/www.fcpr.org\\\/#\\\/schema\\\/person\\\/8231c5ec4d08352e6a4ce3702e35f3c3\"},\"headline\":\"Innovaci\u00f3n con prop\u00f3sito: Lexus reconoce a visionarios sociales\",\"datePublished\":\"2024-04-08T14:22:57+00:00\",\"dateModified\":\"2024-04-08T14:24:08+00:00\",\"mainEntityOfPage\":{\"@id\":\"https:\\\/\\\/www.fcpr.org\\\/innovacion-con-proposito-lexus-reconoce-a-visionarios-sociales\\\/\"},\"wordCount\":688,\"commentCount\":0,\"publisher\":{\"@id\":\"https:\\\/\\\/www.fcpr.org\\\/#organization\"},\"image\":{\"@id\":\"https:\\\/\\\/www.fcpr.org\\\/innovacion-con-proposito-lexus-reconoce-a-visionarios-sociales\\\/#primaryimage\"},\"thumbnailUrl\":\"https:\\\/\\\/www.fcpr.org\\\/wp-content\\\/uploads\\\/2023\\\/11\\\/lexus-min-e1712586204690.png\",\"keywords\":[\"Comunicado\",\"Estudiantes\",\"Fondos\",\"Lexus\",\"Toyota\"],\"articleSection\":[\"Comunicado\",\"comunicados\"],\"inLanguage\":\"en-US\",\"potentialAction\":[{\"@type\":\"CommentAction\",\"name\":\"Comment\",\"target\":[\"https:\\\/\\\/www.fcpr.org\\\/innovacion-con-proposito-lexus-reconoce-a-visionarios-sociales\\\/#respond\"]}]},{\"@type\":\"WebPage\",\"@id\":\"https:\\\/\\\/www.fcpr.org\\\/innovacion-con-proposito-lexus-reconoce-a-visionarios-sociales\\\/\",\"url\":\"https:\\\/\\\/www.fcpr.org\\\/innovacion-con-proposito-lexus-reconoce-a-visionarios-sociales\\\/\",\"name\":\"Innovaci\u00f3n con prop\u00f3sito: Lexus reconoce a visionarios sociales - Fundaci\u00f3n Comunitaria de Puerto Rico\",\"isPartOf\":{\"@id\":\"https:\\\/\\\/www.fcpr.org\\\/#website\"},\"primaryImageOfPage\":{\"@id\":\"https:\\\/\\\/www.fcpr.org\\\/innovacion-con-proposito-lexus-reconoce-a-visionarios-sociales\\\/#primaryimage\"},\"image\":{\"@id\":\"https:\\\/\\\/www.fcpr.org\\\/innovacion-con-proposito-lexus-reconoce-a-visionarios-sociales\\\/#primaryimage\"},\"thumbnailUrl\":\"https:\\\/\\\/www.fcpr.org\\\/wp-content\\\/uploads\\\/2023\\\/11\\\/lexus-min-e1712586204690.png\",\"datePublished\":\"2024-04-08T14:22:57+00:00\",\"dateModified\":\"2024-04-08T14:24:08+00:00\",\"breadcrumb\":{\"@id\":\"https:\\\/\\\/www.fcpr.org\\\/innovacion-con-proposito-lexus-reconoce-a-visionarios-sociales\\\/#breadcrumb\"},\"inLanguage\":\"en-US\",\"potentialAction\":[{\"@type\":\"ReadAction\",\"target\":[\"https:\\\/\\\/www.fcpr.org\\\/innovacion-con-proposito-lexus-reconoce-a-visionarios-sociales\\\/\"]}]},{\"@type\":\"ImageObject\",\"inLanguage\":\"en-US\",\"@id\":\"https:\\\/\\\/www.fcpr.org\\\/innovacion-con-proposito-lexus-reconoce-a-visionarios-sociales\\\/#primaryimage\",\"url\":\"https:\\\/\\\/www.fcpr.org\\\/wp-content\\\/uploads\\\/2023\\\/11\\\/lexus-min-e1712586204690.png\",\"contentUrl\":\"https:\\\/\\\/www.fcpr.org\\\/wp-content\\\/uploads\\\/2023\\\/11\\\/lexus-min-e1712586204690.png\",\"width\":1120,\"height\":367},{\"@type\":\"BreadcrumbList\",\"@id\":\"https:\\\/\\\/www.fcpr.org\\\/innovacion-con-proposito-lexus-reconoce-a-visionarios-sociales\\\/#breadcrumb\",\"itemListElement\":[{\"@type\":\"ListItem\",\"position\":1,\"name\":\"Home\",\"item\":\"https:\\\/\\\/www.fcpr.org\\\/\"},{\"@type\":\"ListItem\",\"position\":2,\"name\":\"Innovaci\u00f3n con prop\u00f3sito: Lexus reconoce a visionarios sociales\"}]},{\"@type\":\"WebSite\",\"@id\":\"https:\\\/\\\/www.fcpr.org\\\/#website\",\"url\":\"https:\\\/\\\/www.fcpr.org\\\/\",\"name\":\"Fundaci\u00f3n Comunitaria de Puerto Rico\",\"description\":\"Fortaleciendo el Capital Comunitario\",\"publisher\":{\"@id\":\"https:\\\/\\\/www.fcpr.org\\\/#organization\"},\"potentialAction\":[{\"@type\":\"SearchAction\",\"target\":{\"@type\":\"EntryPoint\",\"urlTemplate\":\"https:\\\/\\\/www.fcpr.org\\\/?s={search_term_string}\"},\"query-input\":{\"@type\":\"PropertyValueSpecification\",\"valueRequired\":true,\"valueName\":\"search_term_string\"}}],\"inLanguage\":\"en-US\"},{\"@type\":\"Organization\",\"@id\":\"https:\\\/\\\/www.fcpr.org\\\/#organization\",\"name\":\"Fundaci\u00f3n Comunitaria de Puerto Rico\",\"url\":\"https:\\\/\\\/www.fcpr.org\\\/\",\"logo\":{\"@type\":\"ImageObject\",\"inLanguage\":\"en-US\",\"@id\":\"https:\\\/\\\/www.fcpr.org\\\/#\\\/schema\\\/logo\\\/image\\\/\",\"url\":\"https:\\\/\\\/www.fcpr.org\\\/wp-content\\\/uploads\\\/2016\\\/08\\\/logo-corp-red.png\",\"contentUrl\":\"https:\\\/\\\/www.fcpr.org\\\/wp-content\\\/uploads\\\/2016\\\/08\\\/logo-corp-red.png\",\"width\":221,\"height\":32,\"caption\":\"Fundaci\u00f3n Comunitaria de Puerto Rico\"},\"image\":{\"@id\":\"https:\\\/\\\/www.fcpr.org\\\/#\\\/schema\\\/logo\\\/image\\\/\"},\"sameAs\":[\"https:\\\/\\\/www.facebook.com\\\/FundacionComunitaria\",\"https:\\\/\\\/x.com\\\/FComunitaria\",\"https:\\\/\\\/www.instagram.com\\\/fundacioncomunitaria\\\/\",\"https:\\\/\\\/www.youtube.com\\\/channel\\\/UCGGW21eIGw6NRin0BrylmWg\"]},{\"@type\":\"Person\",\"@id\":\"https:\\\/\\\/www.fcpr.org\\\/#\\\/schema\\\/person\\\/8231c5ec4d08352e6a4ce3702e35f3c3\",\"name\":\"FCPR\",\"image\":{\"@type\":\"ImageObject\",\"inLanguage\":\"en-US\",\"@id\":\"https:\\\/\\\/secure.gravatar.com\\\/avatar\\\/fe4949f530883214bb05bea93cfcc96c4a6905a6c377112f07f806bafc3a2e5d?s=96&d=blank&r=g\",\"url\":\"https:\\\/\\\/secure.gravatar.com\\\/avatar\\\/fe4949f530883214bb05bea93cfcc96c4a6905a6c377112f07f806bafc3a2e5d?s=96&d=blank&r=g\",\"contentUrl\":\"https:\\\/\\\/secure.gravatar.com\\\/avatar\\\/fe4949f530883214bb05bea93cfcc96c4a6905a6c377112f07f806bafc3a2e5d?s=96&d=blank&r=g\",\"caption\":\"FCPR\"},\"url\":\"https:\\\/\\\/www.fcpr.org\\\/en\\\/author\\\/perla\\\/\"}]}<\/script>\n<!-- \/ Yoast SEO Premium plugin. -->","yoast_head_json":{"title":"Innovaci\u00f3n con prop\u00f3sito: Lexus reconoce a visionarios sociales - Fundaci\u00f3n Comunitaria de Puerto Rico","robots":{"index":"index","follow":"follow","max-snippet":"max-snippet:-1","max-image-preview":"max-image-preview:large","max-video-preview":"max-video-preview:-1"},"canonical":"https:\/\/www.fcpr.org\/en\/innovacion-con-proposito-lexus-reconoce-a-visionarios-sociales\/","og_locale":"en_US","og_type":"article","og_title":"Innovaci\u00f3n con prop\u00f3sito: Lexus reconoce a visionarios sociales","og_description":"La marca de autos de lujo entreg\u00f3 $30,000 a tres emprendedores en su competencia de innovaci\u00f3n social Lexus Design with Purpose. Comunicado publicado por Lexus (Lexus Design with Purpose es administrado por la FCPR) Tres dise\u00f1os con soluciones a problemas de salud y medio ambiente ganaron el programa Lexus Design with Purpose 2024, iniciativa de [&hellip;]","og_url":"https:\/\/www.fcpr.org\/en\/innovacion-con-proposito-lexus-reconoce-a-visionarios-sociales\/","og_site_name":"Fundaci\u00f3n Comunitaria de Puerto Rico","article_publisher":"https:\/\/www.facebook.com\/FundacionComunitaria","article_published_time":"2024-04-08T14:22:57+00:00","article_modified_time":"2024-04-08T14:24:08+00:00","og_image":[{"width":1120,"height":367,"url":"https:\/\/www.fcpr.org\/wp-content\/uploads\/2023\/11\/lexus-min-e1712586204690.png","type":"image\/png"}],"author":"FCPR","twitter_card":"summary_large_image","twitter_creator":"@FComunitaria","twitter_site":"@FComunitaria","twitter_misc":{"Written by":"FCPR","Est. reading time":"3 minutes"},"schema":{"@context":"https:\/\/schema.org","@graph":[{"@type":"Article","@id":"https:\/\/www.fcpr.org\/innovacion-con-proposito-lexus-reconoce-a-visionarios-sociales\/#article","isPartOf":{"@id":"https:\/\/www.fcpr.org\/innovacion-con-proposito-lexus-reconoce-a-visionarios-sociales\/"},"author":{"name":"FCPR","@id":"https:\/\/www.fcpr.org\/#\/schema\/person\/8231c5ec4d08352e6a4ce3702e35f3c3"},"headline":"Innovaci\u00f3n con prop\u00f3sito: Lexus reconoce a visionarios sociales","datePublished":"2024-04-08T14:22:57+00:00","dateModified":"2024-04-08T14:24:08+00:00","mainEntityOfPage":{"@id":"https:\/\/www.fcpr.org\/innovacion-con-proposito-lexus-reconoce-a-visionarios-sociales\/"},"wordCount":688,"commentCount":0,"publisher":{"@id":"https:\/\/www.fcpr.org\/#organization"},"image":{"@id":"https:\/\/www.fcpr.org\/innovacion-con-proposito-lexus-reconoce-a-visionarios-sociales\/#primaryimage"},"thumbnailUrl":"https:\/\/www.fcpr.org\/wp-content\/uploads\/2023\/11\/lexus-min-e1712586204690.png","keywords":["Comunicado","Estudiantes","Fondos","Lexus","Toyota"],"articleSection":["Comunicado","comunicados"],"inLanguage":"en-US","potentialAction":[{"@type":"CommentAction","name":"Comment","target":["https:\/\/www.fcpr.org\/innovacion-con-proposito-lexus-reconoce-a-visionarios-sociales\/#respond"]}]},{"@type":"WebPage","@id":"https:\/\/www.fcpr.org\/innovacion-con-proposito-lexus-reconoce-a-visionarios-sociales\/","url":"https:\/\/www.fcpr.org\/innovacion-con-proposito-lexus-reconoce-a-visionarios-sociales\/","name":"Innovaci\u00f3n con prop\u00f3sito: Lexus reconoce a visionarios sociales - Fundaci\u00f3n Comunitaria de Puerto Rico","isPartOf":{"@id":"https:\/\/www.fcpr.org\/#website"},"primaryImageOfPage":{"@id":"https:\/\/www.fcpr.org\/innovacion-con-proposito-lexus-reconoce-a-visionarios-sociales\/#primaryimage"},"image":{"@id":"https:\/\/www.fcpr.org\/innovacion-con-proposito-lexus-reconoce-a-visionarios-sociales\/#primaryimage"},"thumbnailUrl":"https:\/\/www.fcpr.org\/wp-content\/uploads\/2023\/11\/lexus-min-e1712586204690.png","datePublished":"2024-04-08T14:22:57+00:00","dateModified":"2024-04-08T14:24:08+00:00","breadcrumb":{"@id":"https:\/\/www.fcpr.org\/innovacion-con-proposito-lexus-reconoce-a-visionarios-sociales\/#breadcrumb"},"inLanguage":"en-US","potentialAction":[{"@type":"ReadAction","target":["https:\/\/www.fcpr.org\/innovacion-con-proposito-lexus-reconoce-a-visionarios-sociales\/"]}]},{"@type":"ImageObject","inLanguage":"en-US","@id":"https:\/\/www.fcpr.org\/innovacion-con-proposito-lexus-reconoce-a-visionarios-sociales\/#primaryimage","url":"https:\/\/www.fcpr.org\/wp-content\/uploads\/2023\/11\/lexus-min-e1712586204690.png","contentUrl":"https:\/\/www.fcpr.org\/wp-content\/uploads\/2023\/11\/lexus-min-e1712586204690.png","width":1120,"height":367},{"@type":"BreadcrumbList","@id":"https:\/\/www.fcpr.org\/innovacion-con-proposito-lexus-reconoce-a-visionarios-sociales\/#breadcrumb","itemListElement":[{"@type":"ListItem","position":1,"name":"Home","item":"https:\/\/www.fcpr.org\/"},{"@type":"ListItem","position":2,"name":"Innovaci\u00f3n con prop\u00f3sito: Lexus reconoce a visionarios sociales"}]},{"@type":"WebSite","@id":"https:\/\/www.fcpr.org\/#website","url":"https:\/\/www.fcpr.org\/","name":"Puerto Rico Community Foundation","description":"Strengthening Community Capital","publisher":{"@id":"https:\/\/www.fcpr.org\/#organization"},"potentialAction":[{"@type":"SearchAction","target":{"@type":"EntryPoint","urlTemplate":"https:\/\/www.fcpr.org\/?s={search_term_string}"},"query-input":{"@type":"PropertyValueSpecification","valueRequired":true,"valueName":"search_term_string"}}],"inLanguage":"en-US"},{"@type":"Organization","@id":"https:\/\/www.fcpr.org\/#organization","name":"Puerto Rico Community Foundation","url":"https:\/\/www.fcpr.org\/","logo":{"@type":"ImageObject","inLanguage":"en-US","@id":"https:\/\/www.fcpr.org\/#\/schema\/logo\/image\/","url":"https:\/\/www.fcpr.org\/wp-content\/uploads\/2016\/08\/logo-corp-red.png","contentUrl":"https:\/\/www.fcpr.org\/wp-content\/uploads\/2016\/08\/logo-corp-red.png","width":221,"height":32,"caption":"Fundaci\u00f3n Comunitaria de Puerto Rico"},"image":{"@id":"https:\/\/www.fcpr.org\/#\/schema\/logo\/image\/"},"sameAs":["https:\/\/www.facebook.com\/FundacionComunitaria","https:\/\/x.com\/FComunitaria","https:\/\/www.instagram.com\/fundacioncomunitaria\/","https:\/\/www.youtube.com\/channel\/UCGGW21eIGw6NRin0BrylmWg"]},{"@type":"Person","@id":"https:\/\/www.fcpr.org\/#\/schema\/person\/8231c5ec4d08352e6a4ce3702e35f3c3","name":"FCPR","image":{"@type":"ImageObject","inLanguage":"en-US","@id":"https:\/\/secure.gravatar.com\/avatar\/fe4949f530883214bb05bea93cfcc96c4a6905a6c377112f07f806bafc3a2e5d?s=96&d=blank&r=g","url":"https:\/\/secure.gravatar.com\/avatar\/fe4949f530883214bb05bea93cfcc96c4a6905a6c377112f07f806bafc3a2e5d?s=96&d=blank&r=g","contentUrl":"https:\/\/secure.gravatar.com\/avatar\/fe4949f530883214bb05bea93cfcc96c4a6905a6c377112f07f806bafc3a2e5d?s=96&d=blank&r=g","caption":"FCPR"},"url":"https:\/\/www.fcpr.org\/en\/author\/perla\/"}]}},"_links":{"self":[{"href":"https:\/\/www.fcpr.org\/en\/wp-json\/wp\/v2\/posts\/15529","targetHints":{"allow":["GET"]}}],"collection":[{"href":"https:\/\/www.fcpr.org\/en\/wp-json\/wp\/v2\/posts"}],"about":[{"href":"https:\/\/www.fcpr.org\/en\/wp-json\/wp\/v2\/types\/post"}],"author":[{"embeddable":true,"href":"https:\/\/www.fcpr.org\/en\/wp-json\/wp\/v2\/users\/4"}],"replies":[{"embeddable":true,"href":"https:\/\/www.fcpr.org\/en\/wp-json\/wp\/v2\/comments?post=15529"}],"version-history":[{"count":2,"href":"https:\/\/www.fcpr.org\/en\/wp-json\/wp\/v2\/posts\/15529\/revisions"}],"predecessor-version":[{"id":15531,"href":"https:\/\/www.fcpr.org\/en\/wp-json\/wp\/v2\/posts\/15529\/revisions\/15531"}],"wp:featuredmedia":[{"embeddable":true,"href":"https:\/\/www.fcpr.org\/en\/wp-json\/wp\/v2\/media\/15061"}],"wp:attachment":[{"href":"https:\/\/www.fcpr.org\/en\/wp-json\/wp\/v2\/media?parent=15529"}],"wp:term":[{"taxonomy":"category","embeddable":true,"href":"https:\/\/www.fcpr.org\/en\/wp-json\/wp\/v2\/categories?post=15529"},{"taxonomy":"post_tag","embeddable":true,"href":"https:\/\/www.fcpr.org\/en\/wp-json\/wp\/v2\/tags?post=15529"}],"curies":[{"name":"wp","href":"https:\/\/api.w.org\/{rel}","templated":true}]}}