{"id":17108,"date":"2024-11-21T14:08:59","date_gmt":"2024-11-21T18:08:59","guid":{"rendered":"https:\/\/www.fcpr.org\/?p=17108"},"modified":"2025-01-23T15:03:54","modified_gmt":"2025-01-23T19:03:54","slug":"fundacion-comunitaria-publica-libro-que-recoge-38-anos-de-trayectoria-filantropica-en-puerto-rico","status":"publish","type":"post","link":"https:\/\/www.fcpr.org\/en\/fundacion-comunitaria-publica-libro-que-recoge-38-anos-de-trayectoria-filantropica-en-puerto-rico\/","title":{"rendered":"Fundaci\u00f3n Comunitaria publishes a book on 38 years of philanthropic work in Puerto Rico"},"content":{"rendered":"<p><em><a href=\"https:\/\/www.fcpr.org\/wp-content\/uploads\/2024\/11\/CP-Fundacion-Comunitaria-publica-libro-que-recoge-38-anos-de-trayectoria-filantropica-en-Puerto-Rico-F-NOV-21.pdf\">PDF version of the press release<\/a><\/em><\/p>\n\n\n\n<p>The<strong> Puerto Rico Community Foundation<\/strong> (FCPR) presents the Puerto Rican community its evolution and philanthropic trajectory in the book <strong><em>A <\/em><\/strong><strong><em>community foundation for all time: 38 years of philanthropic action<\/em><\/strong>, The event took advantage of the month of philanthropy and the celebration of the institution's thirty-ninth anniversary.<\/p>\n\n\n\n<p>The content was written by the writer and journalist <strong>Tatiana Perez Rivera<\/strong> and the foreword by <strong>Luis Alberto Ferr\u00e9 Rangel<\/strong>; the graphic design was in charge of <strong>Edder Gonz\u00e1lez Palacios<\/strong>. The text includes testimonials from non-profit organizations such as. <strong>FISH<\/strong>, the<strong> Sister Isolina Ferr\u00e9 Centers<\/strong> and the communities of <strong>Black Bull<\/strong>, in Ciales, and <strong>Corcovada<\/strong>, in A\u00f1asco. In addition, scholarship recipients of some funds. It also integrates the voices of donors, members of the Board of Directors -present and past- and representatives of allied foundations in the United States. More than 60 people related in one way or another to FCPR funds or programs were interviewed, among them: C\u00e9sar Rey, past secretary of the <strong>Puerto Rico Department of Education<\/strong>; The architects Elio Mart\u00ednez Joffre and Edwin Quiles, former director and founder, respectively, of the <strong>Community Design Workshop of the School of Architecture<\/strong> <strong>of the<\/strong> <strong>University of Puerto Rico<\/strong>; the mayor of <strong>Lo\u00edza,<\/strong> Julia Nazario; and past members of the Board of Directors, including Manuel Cidre, Secretary of the Board of Directors. <strong>Economic Development and Trade Department<\/strong>; Manuel \u201cCoco\u201d Morales and Carlos J. V\u00e1zquez Camu\u00f1as.<\/p>\n\n\n\n<p>\u201cA community foundation for the ages is a historic record of the Foundation's work over 38 years,\u201d said FCPR president and chief executive officer, the <strong>Dr. Nelson I. Col\u00f3n Tarrats<\/strong>. \u201cThe book is a conversation among multiple and varied voices: boards, staff, community organizations, corporations, families, and local and U.S. foundations, and it conveys two main messages: community organizations grow the collective wealth of communities and donors, through the Foundation, touch lives that change their stories,\u201d added Col\u00f3n Tarrats.<\/p>\n\n\n\n<p>The book was presented yesterday during a private event in Hato Rey, in which Dr. Col\u00f3n Tarrats was in charge of highlighting details of the book and sharing quotes of special significance to the work of the Foundation. There was also a conversation facilitated by the Vice President of the Board of Directors of the FCPR, Lic. <strong>Vivian I. Neptune Rivera<\/strong>, whose speakers shared their experience with the Foundation and relevant details of the book, these were <strong>Jos\u00e9 Joaqu\u00edn Villamil<\/strong>, P\u00e9rez Rivera, renowned economist and member of the first Board of Directors of the FCPR, and P\u00e9rez Rivera, writer, journalist, who was in charge of the research and writing of the book.<\/p>\n\n\n\n<p>For P\u00e9rez Rivera, it is important to tell the Foundation's story not only because \u201cwhat is not talked about is often forgotten,\u201d but also because its trajectory marks a path to solutions. \u201cThe most striking thing to me is that in different instances, with different scenarios, with different complications, communities and non-profit organizations design tailor-made responses; they perfect them, put them into practice, adjust them when they see that they don't work and come back again and again. I believe that this speed and consistency deserves to be told,\u201d said P\u00e9rez Rivera.&nbsp;&nbsp;<\/p>\n\n\n\n<p>\u201cWhat we have seen in the book and what we have seen in the Foundation's trajectory is that it plays a very important role in transformation. It's not about patching up different little things; it's about how you structure processes, organizations, that allow you to transform the foundations of that society. And I, for one, have always thought that the future of Puerto Rico is in the communities,\u201d Villamil said.<\/p>\n\n\n\n<figure class=\"wp-block-gallery has-nested-images columns-default is-cropped wp-block-gallery-1 is-layout-flex wp-block-gallery-is-layout-flex\">\n<figure class=\"wp-block-image size-large\"><img loading=\"lazy\" decoding=\"async\" width=\"1024\" height=\"683\" data-id=\"17114\" src=\"https:\/\/www.fcpr.org\/wp-content\/uploads\/2024\/11\/20-min-1024x683.jpg\" alt=\"\" class=\"wp-image-17114\" srcset=\"https:\/\/www.fcpr.org\/wp-content\/uploads\/2024\/11\/20-min-1024x683.jpg 1024w, https:\/\/www.fcpr.org\/wp-content\/uploads\/2024\/11\/20-min-300x200.jpg 300w, https:\/\/www.fcpr.org\/wp-content\/uploads\/2024\/11\/20-min-768x512.jpg 768w, https:\/\/www.fcpr.org\/wp-content\/uploads\/2024\/11\/20-min-1536x1024.jpg 1536w, https:\/\/www.fcpr.org\/wp-content\/uploads\/2024\/11\/20-min-2048x1365.jpg 2048w\" sizes=\"auto, (max-width: 1024px) 100vw, 1024px\" \/><\/figure>\n\n\n\n<figure class=\"wp-block-image size-large\"><img loading=\"lazy\" decoding=\"async\" width=\"1024\" height=\"683\" data-id=\"17116\" src=\"https:\/\/www.fcpr.org\/wp-content\/uploads\/2024\/11\/10-min-1-1024x683.jpg\" alt=\"\" class=\"wp-image-17116\" srcset=\"https:\/\/www.fcpr.org\/wp-content\/uploads\/2024\/11\/10-min-1-1024x683.jpg 1024w, https:\/\/www.fcpr.org\/wp-content\/uploads\/2024\/11\/10-min-1-300x200.jpg 300w, https:\/\/www.fcpr.org\/wp-content\/uploads\/2024\/11\/10-min-1-768x512.jpg 768w, https:\/\/www.fcpr.org\/wp-content\/uploads\/2024\/11\/10-min-1-1536x1024.jpg 1536w, https:\/\/www.fcpr.org\/wp-content\/uploads\/2024\/11\/10-min-1-2048x1365.jpg 2048w\" sizes=\"auto, (max-width: 1024px) 100vw, 1024px\" \/><\/figure>\n\n\n\n<figure class=\"wp-block-image size-large\"><img loading=\"lazy\" decoding=\"async\" width=\"1024\" height=\"683\" data-id=\"17120\" src=\"https:\/\/www.fcpr.org\/wp-content\/uploads\/2024\/11\/15-min-1024x683.jpg\" alt=\"\" class=\"wp-image-17120\" srcset=\"https:\/\/www.fcpr.org\/wp-content\/uploads\/2024\/11\/15-min-1024x683.jpg 1024w, https:\/\/www.fcpr.org\/wp-content\/uploads\/2024\/11\/15-min-300x200.jpg 300w, https:\/\/www.fcpr.org\/wp-content\/uploads\/2024\/11\/15-min-768x512.jpg 768w, https:\/\/www.fcpr.org\/wp-content\/uploads\/2024\/11\/15-min-1536x1024.jpg 1536w, https:\/\/www.fcpr.org\/wp-content\/uploads\/2024\/11\/15-min-2048x1365.jpg 2048w\" sizes=\"auto, (max-width: 1024px) 100vw, 1024px\" \/><\/figure>\n\n\n\n<figure class=\"wp-block-image size-large\"><img loading=\"lazy\" decoding=\"async\" width=\"1024\" height=\"683\" data-id=\"17113\" src=\"https:\/\/www.fcpr.org\/wp-content\/uploads\/2024\/11\/4-min-2-1024x683.jpg\" alt=\"\" class=\"wp-image-17113\" srcset=\"https:\/\/www.fcpr.org\/wp-content\/uploads\/2024\/11\/4-min-2-1024x683.jpg 1024w, https:\/\/www.fcpr.org\/wp-content\/uploads\/2024\/11\/4-min-2-300x200.jpg 300w, https:\/\/www.fcpr.org\/wp-content\/uploads\/2024\/11\/4-min-2-768x512.jpg 768w, https:\/\/www.fcpr.org\/wp-content\/uploads\/2024\/11\/4-min-2-1536x1024.jpg 1536w, https:\/\/www.fcpr.org\/wp-content\/uploads\/2024\/11\/4-min-2-2048x1365.jpg 2048w\" sizes=\"auto, (max-width: 1024px) 100vw, 1024px\" \/><\/figure>\n\n\n\n<figure class=\"wp-block-image size-large\"><img loading=\"lazy\" decoding=\"async\" width=\"1024\" height=\"683\" data-id=\"17124\" src=\"https:\/\/www.fcpr.org\/wp-content\/uploads\/2024\/11\/16-min-1024x683.jpg\" alt=\"\" class=\"wp-image-17124\" srcset=\"https:\/\/www.fcpr.org\/wp-content\/uploads\/2024\/11\/16-min-1024x683.jpg 1024w, https:\/\/www.fcpr.org\/wp-content\/uploads\/2024\/11\/16-min-300x200.jpg 300w, https:\/\/www.fcpr.org\/wp-content\/uploads\/2024\/11\/16-min-768x512.jpg 768w, https:\/\/www.fcpr.org\/wp-content\/uploads\/2024\/11\/16-min-1536x1024.jpg 1536w, https:\/\/www.fcpr.org\/wp-content\/uploads\/2024\/11\/16-min-2048x1365.jpg 2048w\" sizes=\"auto, (max-width: 1024px) 100vw, 1024px\" \/><\/figure>\n\n\n\n<figure class=\"wp-block-image size-large\"><img loading=\"lazy\" decoding=\"async\" width=\"1024\" height=\"683\" data-id=\"17119\" src=\"https:\/\/www.fcpr.org\/wp-content\/uploads\/2024\/11\/5-min-1024x683.jpg\" alt=\"\" class=\"wp-image-17119\" srcset=\"https:\/\/www.fcpr.org\/wp-content\/uploads\/2024\/11\/5-min-1024x683.jpg 1024w, https:\/\/www.fcpr.org\/wp-content\/uploads\/2024\/11\/5-min-300x200.jpg 300w, https:\/\/www.fcpr.org\/wp-content\/uploads\/2024\/11\/5-min-768x512.jpg 768w, https:\/\/www.fcpr.org\/wp-content\/uploads\/2024\/11\/5-min-1536x1024.jpg 1536w, https:\/\/www.fcpr.org\/wp-content\/uploads\/2024\/11\/5-min-2048x1365.jpg 2048w\" sizes=\"auto, (max-width: 1024px) 100vw, 1024px\" \/><\/figure>\n\n\n\n<figure class=\"wp-block-image size-large\"><img loading=\"lazy\" decoding=\"async\" width=\"1024\" height=\"683\" data-id=\"17117\" src=\"https:\/\/www.fcpr.org\/wp-content\/uploads\/2024\/11\/8-min-1024x683.jpg\" alt=\"\" class=\"wp-image-17117\" srcset=\"https:\/\/www.fcpr.org\/wp-content\/uploads\/2024\/11\/8-min-1024x683.jpg 1024w, https:\/\/www.fcpr.org\/wp-content\/uploads\/2024\/11\/8-min-300x200.jpg 300w, https:\/\/www.fcpr.org\/wp-content\/uploads\/2024\/11\/8-min-768x512.jpg 768w, https:\/\/www.fcpr.org\/wp-content\/uploads\/2024\/11\/8-min-1536x1024.jpg 1536w, https:\/\/www.fcpr.org\/wp-content\/uploads\/2024\/11\/8-min-2048x1365.jpg 2048w\" sizes=\"auto, (max-width: 1024px) 100vw, 1024px\" \/><\/figure>\n\n\n\n<figure class=\"wp-block-image size-large\"><img loading=\"lazy\" decoding=\"async\" width=\"1024\" height=\"683\" data-id=\"17121\" src=\"https:\/\/www.fcpr.org\/wp-content\/uploads\/2024\/11\/9-min-1-1024x683.jpg\" alt=\"\" class=\"wp-image-17121\" srcset=\"https:\/\/www.fcpr.org\/wp-content\/uploads\/2024\/11\/9-min-1-1024x683.jpg 1024w, https:\/\/www.fcpr.org\/wp-content\/uploads\/2024\/11\/9-min-1-300x200.jpg 300w, https:\/\/www.fcpr.org\/wp-content\/uploads\/2024\/11\/9-min-1-768x512.jpg 768w, https:\/\/www.fcpr.org\/wp-content\/uploads\/2024\/11\/9-min-1-1536x1024.jpg 1536w, https:\/\/www.fcpr.org\/wp-content\/uploads\/2024\/11\/9-min-1-2048x1365.jpg 2048w\" sizes=\"auto, (max-width: 1024px) 100vw, 1024px\" \/><\/figure>\n\n\n\n<figure class=\"wp-block-image size-large\"><img loading=\"lazy\" decoding=\"async\" width=\"1024\" height=\"683\" data-id=\"17118\" src=\"https:\/\/www.fcpr.org\/wp-content\/uploads\/2024\/11\/6-min-1024x683.jpg\" alt=\"\" class=\"wp-image-17118\" srcset=\"https:\/\/www.fcpr.org\/wp-content\/uploads\/2024\/11\/6-min-1024x683.jpg 1024w, https:\/\/www.fcpr.org\/wp-content\/uploads\/2024\/11\/6-min-300x200.jpg 300w, https:\/\/www.fcpr.org\/wp-content\/uploads\/2024\/11\/6-min-768x512.jpg 768w, https:\/\/www.fcpr.org\/wp-content\/uploads\/2024\/11\/6-min-1536x1024.jpg 1536w, https:\/\/www.fcpr.org\/wp-content\/uploads\/2024\/11\/6-min-2048x1365.jpg 2048w\" sizes=\"auto, (max-width: 1024px) 100vw, 1024px\" \/><\/figure>\n\n\n\n<figure class=\"wp-block-image size-large\"><img loading=\"lazy\" decoding=\"async\" width=\"1024\" height=\"683\" data-id=\"17115\" src=\"https:\/\/www.fcpr.org\/wp-content\/uploads\/2024\/11\/21-min-1024x683.jpg\" alt=\"\" class=\"wp-image-17115\" srcset=\"https:\/\/www.fcpr.org\/wp-content\/uploads\/2024\/11\/21-min-1024x683.jpg 1024w, https:\/\/www.fcpr.org\/wp-content\/uploads\/2024\/11\/21-min-300x200.jpg 300w, https:\/\/www.fcpr.org\/wp-content\/uploads\/2024\/11\/21-min-768x512.jpg 768w, https:\/\/www.fcpr.org\/wp-content\/uploads\/2024\/11\/21-min-1536x1024.jpg 1536w, https:\/\/www.fcpr.org\/wp-content\/uploads\/2024\/11\/21-min-2048x1365.jpg 2048w\" sizes=\"auto, (max-width: 1024px) 100vw, 1024px\" \/><\/figure>\n\n\n\n<figure class=\"wp-block-image size-large\"><img loading=\"lazy\" decoding=\"async\" width=\"1024\" height=\"683\" data-id=\"17123\" src=\"https:\/\/www.fcpr.org\/wp-content\/uploads\/2024\/11\/1-min-2-1-1024x683.jpg\" alt=\"\" class=\"wp-image-17123\" srcset=\"https:\/\/www.fcpr.org\/wp-content\/uploads\/2024\/11\/1-min-2-1-1024x683.jpg 1024w, https:\/\/www.fcpr.org\/wp-content\/uploads\/2024\/11\/1-min-2-1-300x200.jpg 300w, https:\/\/www.fcpr.org\/wp-content\/uploads\/2024\/11\/1-min-2-1-768x512.jpg 768w, https:\/\/www.fcpr.org\/wp-content\/uploads\/2024\/11\/1-min-2-1-1536x1024.jpg 1536w, https:\/\/www.fcpr.org\/wp-content\/uploads\/2024\/11\/1-min-2-1-2048x1365.jpg 2048w\" sizes=\"auto, (max-width: 1024px) 100vw, 1024px\" \/><\/figure>\n\n\n\n<figure class=\"wp-block-image size-large\"><img loading=\"lazy\" decoding=\"async\" width=\"1024\" height=\"683\" data-id=\"17122\" src=\"https:\/\/www.fcpr.org\/wp-content\/uploads\/2024\/11\/7-min-1-1024x683.jpg\" alt=\"\" class=\"wp-image-17122\" srcset=\"https:\/\/www.fcpr.org\/wp-content\/uploads\/2024\/11\/7-min-1-1024x683.jpg 1024w, https:\/\/www.fcpr.org\/wp-content\/uploads\/2024\/11\/7-min-1-300x200.jpg 300w, https:\/\/www.fcpr.org\/wp-content\/uploads\/2024\/11\/7-min-1-768x512.jpg 768w, https:\/\/www.fcpr.org\/wp-content\/uploads\/2024\/11\/7-min-1-1536x1024.jpg 1536w, https:\/\/www.fcpr.org\/wp-content\/uploads\/2024\/11\/7-min-1-2048x1365.jpg 2048w\" sizes=\"auto, (max-width: 1024px) 100vw, 1024px\" \/><\/figure>\n<\/figure>\n\n\n\n<p>The content of the book is framed within the philanthropic impact that FCPR has had through the increase of community capital -physical, financial, social, human, cultural and ecological-, which is part of the institution's theory of change that seeks to close inequity gaps and strengthen equity, social justice and community prosperity.  This has been the benchmark for strategic projects related to health and technology, education, housing, community development and prosperity; water, energy, social justice and equity; arts and public communication, as well as funds, bequests and donations.<\/p>\n\n\n\n<p>It also sheds light on the world of strategic and transformational philanthropy, donors and philanthropic vehicles such as endowments and scholarships; and the <strong>Community Investment Fund<\/strong> (FIC), which provides loans to non-profit organizations.<\/p>\n\n\n\n<p>\u201cThe challenge is the future. Precisely, if it is for \u2018all times,\u2019 to have that ear to the ground: what are the needs, the challenges that we as a community are now facing. And know that always the Community Foundation, this wonderful team - those who were here before and those who will be part of the Foundation in the future - will continue with that commitment,\u201d said Neptune Rivera.&nbsp;&nbsp;<\/p>\n\n\n\n<p>As of today, the book is on sale in bookstores. <strong>The Bookmark<\/strong> in Santurce, Guaynabo and Hatillo.<\/p>\n\n\n\n<p><\/p>","protected":false},"excerpt":{"rendered":"<p>Versi\u00f3n PDF del comunicado La Fundaci\u00f3n Comunitaria de Puerto Rico (FCPR) presenta a la comunidad puertorrique\u00f1a su evoluci\u00f3n y trayectoria filantr\u00f3pica en el libro Una fundaci\u00f3n comunitaria para todos los tiempos: 38 a\u00f1os de acci\u00f3n filantr\u00f3pica, aprovechando el mes de la filantrop\u00eda y la celebraci\u00f3n del trig\u00e9simo-noveno aniversario de la instituci\u00f3n. El contenido fue escrito [&hellip;]<\/p>\n","protected":false},"author":7,"featured_media":17112,"comment_status":"open","ping_status":"open","sticky":false,"template":"","format":"standard","meta":{"give_campaign_id":0,"footnotes":""},"categories":[406,32],"tags":[451,715,729,813,812],"class_list":["post-17108","post","type-post","status-publish","format-standard","has-post-thumbnail","hentry","category-comunicado","category-comunicados","tag-aniversario","tag-comunicado","tag-filantropia-2","tag-fundaciones","tag-trayectoria"],"yoast_head":"<!-- This site is optimized with the Yoast SEO Premium plugin v27.5 (Yoast SEO v27.5) - https:\/\/yoast.com\/product\/yoast-seo-premium-wordpress\/ -->\n<title>Fundaci\u00f3n Comunitaria publica libro que recoge 38 a\u00f1os de trayectoria filantr\u00f3pica en Puerto Rico - Fundaci\u00f3n Comunitaria de Puerto Rico<\/title>\n<meta name=\"robots\" content=\"index, follow, max-snippet:-1, max-image-preview:large, max-video-preview:-1\" \/>\n<link rel=\"canonical\" href=\"https:\/\/www.fcpr.org\/en\/fundacion-comunitaria-publica-libro-que-recoge-38-anos-de-trayectoria-filantropica-en-puerto-rico\/\" \/>\n<meta property=\"og:locale\" content=\"en_US\" \/>\n<meta property=\"og:type\" content=\"article\" \/>\n<meta property=\"og:title\" content=\"Fundaci\u00f3n Comunitaria publica libro que recoge 38 a\u00f1os de trayectoria filantr\u00f3pica en Puerto Rico\" \/>\n<meta property=\"og:description\" content=\"Versi\u00f3n PDF del comunicado La Fundaci\u00f3n Comunitaria de Puerto Rico (FCPR) presenta a la comunidad puertorrique\u00f1a su evoluci\u00f3n y trayectoria filantr\u00f3pica en el libro Una fundaci\u00f3n comunitaria para todos los tiempos: 38 a\u00f1os de acci\u00f3n filantr\u00f3pica, aprovechando el mes de la filantrop\u00eda y la celebraci\u00f3n del trig\u00e9simo-noveno aniversario de la instituci\u00f3n. El contenido fue escrito [&hellip;]\" \/>\n<meta property=\"og:url\" content=\"https:\/\/www.fcpr.org\/en\/fundacion-comunitaria-publica-libro-que-recoge-38-anos-de-trayectoria-filantropica-en-puerto-rico\/\" \/>\n<meta property=\"og:site_name\" content=\"Fundaci\u00f3n Comunitaria de Puerto Rico\" \/>\n<meta property=\"article:publisher\" content=\"https:\/\/www.facebook.com\/FundacionComunitaria\" \/>\n<meta property=\"article:published_time\" content=\"2024-11-21T18:08:59+00:00\" \/>\n<meta property=\"article:modified_time\" content=\"2025-01-23T19:03:54+00:00\" \/>\n<meta property=\"og:image\" content=\"https:\/\/www.fcpr.org\/wp-content\/uploads\/2024\/11\/1-min-2-scaled.jpg\" \/>\n\t<meta property=\"og:image:width\" content=\"2560\" \/>\n\t<meta property=\"og:image:height\" content=\"1707\" \/>\n\t<meta property=\"og:image:type\" content=\"image\/jpeg\" \/>\n<meta name=\"author\" content=\"Libni Sanjurjo\" \/>\n<meta name=\"twitter:card\" content=\"summary_large_image\" \/>\n<meta name=\"twitter:creator\" content=\"@FComunitaria\" \/>\n<meta name=\"twitter:site\" content=\"@FComunitaria\" \/>\n<meta name=\"twitter:label1\" content=\"Written by\" \/>\n\t<meta name=\"twitter:data1\" content=\"Libni Sanjurjo\" \/>\n\t<meta name=\"twitter:label2\" content=\"Est. reading time\" \/>\n\t<meta name=\"twitter:data2\" content=\"7 minutes\" \/>\n<script type=\"application\/ld+json\" class=\"yoast-schema-graph\">{\"@context\":\"https:\\\/\\\/schema.org\",\"@graph\":[{\"@type\":\"Article\",\"@id\":\"https:\\\/\\\/www.fcpr.org\\\/fundacion-comunitaria-publica-libro-que-recoge-38-anos-de-trayectoria-filantropica-en-puerto-rico\\\/#article\",\"isPartOf\":{\"@id\":\"https:\\\/\\\/www.fcpr.org\\\/fundacion-comunitaria-publica-libro-que-recoge-38-anos-de-trayectoria-filantropica-en-puerto-rico\\\/\"},\"author\":{\"name\":\"Libni Sanjurjo\",\"@id\":\"https:\\\/\\\/www.fcpr.org\\\/#\\\/schema\\\/person\\\/49ddf8247898f4a287fad4df52650612\"},\"headline\":\"Fundaci\u00f3n Comunitaria publica libro que recoge 38 a\u00f1os de trayectoria filantr\u00f3pica en Puerto Rico\",\"datePublished\":\"2024-11-21T18:08:59+00:00\",\"dateModified\":\"2025-01-23T19:03:54+00:00\",\"mainEntityOfPage\":{\"@id\":\"https:\\\/\\\/www.fcpr.org\\\/fundacion-comunitaria-publica-libro-que-recoge-38-anos-de-trayectoria-filantropica-en-puerto-rico\\\/\"},\"wordCount\":933,\"commentCount\":0,\"publisher\":{\"@id\":\"https:\\\/\\\/www.fcpr.org\\\/#organization\"},\"image\":{\"@id\":\"https:\\\/\\\/www.fcpr.org\\\/fundacion-comunitaria-publica-libro-que-recoge-38-anos-de-trayectoria-filantropica-en-puerto-rico\\\/#primaryimage\"},\"thumbnailUrl\":\"https:\\\/\\\/www.fcpr.org\\\/wp-content\\\/uploads\\\/2024\\\/11\\\/1-min-2-scaled.jpg\",\"keywords\":[\"aniversario\",\"Comunicado\",\"Filantrop\u00eda\",\"Fundaciones\",\"Trayectoria\"],\"articleSection\":[\"Comunicado\",\"comunicados\"],\"inLanguage\":\"en-US\",\"potentialAction\":[{\"@type\":\"CommentAction\",\"name\":\"Comment\",\"target\":[\"https:\\\/\\\/www.fcpr.org\\\/fundacion-comunitaria-publica-libro-que-recoge-38-anos-de-trayectoria-filantropica-en-puerto-rico\\\/#respond\"]}]},{\"@type\":\"WebPage\",\"@id\":\"https:\\\/\\\/www.fcpr.org\\\/fundacion-comunitaria-publica-libro-que-recoge-38-anos-de-trayectoria-filantropica-en-puerto-rico\\\/\",\"url\":\"https:\\\/\\\/www.fcpr.org\\\/fundacion-comunitaria-publica-libro-que-recoge-38-anos-de-trayectoria-filantropica-en-puerto-rico\\\/\",\"name\":\"Fundaci\u00f3n Comunitaria publica libro que recoge 38 a\u00f1os de trayectoria filantr\u00f3pica en Puerto Rico - Fundaci\u00f3n Comunitaria de Puerto Rico\",\"isPartOf\":{\"@id\":\"https:\\\/\\\/www.fcpr.org\\\/#website\"},\"primaryImageOfPage\":{\"@id\":\"https:\\\/\\\/www.fcpr.org\\\/fundacion-comunitaria-publica-libro-que-recoge-38-anos-de-trayectoria-filantropica-en-puerto-rico\\\/#primaryimage\"},\"image\":{\"@id\":\"https:\\\/\\\/www.fcpr.org\\\/fundacion-comunitaria-publica-libro-que-recoge-38-anos-de-trayectoria-filantropica-en-puerto-rico\\\/#primaryimage\"},\"thumbnailUrl\":\"https:\\\/\\\/www.fcpr.org\\\/wp-content\\\/uploads\\\/2024\\\/11\\\/1-min-2-scaled.jpg\",\"datePublished\":\"2024-11-21T18:08:59+00:00\",\"dateModified\":\"2025-01-23T19:03:54+00:00\",\"breadcrumb\":{\"@id\":\"https:\\\/\\\/www.fcpr.org\\\/fundacion-comunitaria-publica-libro-que-recoge-38-anos-de-trayectoria-filantropica-en-puerto-rico\\\/#breadcrumb\"},\"inLanguage\":\"en-US\",\"potentialAction\":[{\"@type\":\"ReadAction\",\"target\":[\"https:\\\/\\\/www.fcpr.org\\\/fundacion-comunitaria-publica-libro-que-recoge-38-anos-de-trayectoria-filantropica-en-puerto-rico\\\/\"]}]},{\"@type\":\"ImageObject\",\"inLanguage\":\"en-US\",\"@id\":\"https:\\\/\\\/www.fcpr.org\\\/fundacion-comunitaria-publica-libro-que-recoge-38-anos-de-trayectoria-filantropica-en-puerto-rico\\\/#primaryimage\",\"url\":\"https:\\\/\\\/www.fcpr.org\\\/wp-content\\\/uploads\\\/2024\\\/11\\\/1-min-2-scaled.jpg\",\"contentUrl\":\"https:\\\/\\\/www.fcpr.org\\\/wp-content\\\/uploads\\\/2024\\\/11\\\/1-min-2-scaled.jpg\",\"width\":2560,\"height\":1707},{\"@type\":\"BreadcrumbList\",\"@id\":\"https:\\\/\\\/www.fcpr.org\\\/fundacion-comunitaria-publica-libro-que-recoge-38-anos-de-trayectoria-filantropica-en-puerto-rico\\\/#breadcrumb\",\"itemListElement\":[{\"@type\":\"ListItem\",\"position\":1,\"name\":\"Home\",\"item\":\"https:\\\/\\\/www.fcpr.org\\\/\"},{\"@type\":\"ListItem\",\"position\":2,\"name\":\"Fundaci\u00f3n Comunitaria publica libro que recoge 38 a\u00f1os de trayectoria filantr\u00f3pica en Puerto Rico\"}]},{\"@type\":\"WebSite\",\"@id\":\"https:\\\/\\\/www.fcpr.org\\\/#website\",\"url\":\"https:\\\/\\\/www.fcpr.org\\\/\",\"name\":\"Fundaci\u00f3n Comunitaria de Puerto Rico\",\"description\":\"Fortaleciendo el Capital Comunitario\",\"publisher\":{\"@id\":\"https:\\\/\\\/www.fcpr.org\\\/#organization\"},\"potentialAction\":[{\"@type\":\"SearchAction\",\"target\":{\"@type\":\"EntryPoint\",\"urlTemplate\":\"https:\\\/\\\/www.fcpr.org\\\/?s={search_term_string}\"},\"query-input\":{\"@type\":\"PropertyValueSpecification\",\"valueRequired\":true,\"valueName\":\"search_term_string\"}}],\"inLanguage\":\"en-US\"},{\"@type\":\"Organization\",\"@id\":\"https:\\\/\\\/www.fcpr.org\\\/#organization\",\"name\":\"Fundaci\u00f3n Comunitaria de Puerto Rico\",\"url\":\"https:\\\/\\\/www.fcpr.org\\\/\",\"logo\":{\"@type\":\"ImageObject\",\"inLanguage\":\"en-US\",\"@id\":\"https:\\\/\\\/www.fcpr.org\\\/#\\\/schema\\\/logo\\\/image\\\/\",\"url\":\"https:\\\/\\\/www.fcpr.org\\\/wp-content\\\/uploads\\\/2016\\\/08\\\/logo-corp-red.png\",\"contentUrl\":\"https:\\\/\\\/www.fcpr.org\\\/wp-content\\\/uploads\\\/2016\\\/08\\\/logo-corp-red.png\",\"width\":221,\"height\":32,\"caption\":\"Fundaci\u00f3n Comunitaria de Puerto Rico\"},\"image\":{\"@id\":\"https:\\\/\\\/www.fcpr.org\\\/#\\\/schema\\\/logo\\\/image\\\/\"},\"sameAs\":[\"https:\\\/\\\/www.facebook.com\\\/FundacionComunitaria\",\"https:\\\/\\\/x.com\\\/FComunitaria\",\"https:\\\/\\\/www.instagram.com\\\/fundacioncomunitaria\\\/\",\"https:\\\/\\\/www.youtube.com\\\/channel\\\/UCGGW21eIGw6NRin0BrylmWg\"]},{\"@type\":\"Person\",\"@id\":\"https:\\\/\\\/www.fcpr.org\\\/#\\\/schema\\\/person\\\/49ddf8247898f4a287fad4df52650612\",\"name\":\"Libni Sanjurjo\",\"image\":{\"@type\":\"ImageObject\",\"inLanguage\":\"en-US\",\"@id\":\"https:\\\/\\\/secure.gravatar.com\\\/avatar\\\/b4adea318df4c70b94a623d3f26fa06bc9ebbf768514d2cb1cb40c4ebf4c2c32?s=96&d=blank&r=g\",\"url\":\"https:\\\/\\\/secure.gravatar.com\\\/avatar\\\/b4adea318df4c70b94a623d3f26fa06bc9ebbf768514d2cb1cb40c4ebf4c2c32?s=96&d=blank&r=g\",\"contentUrl\":\"https:\\\/\\\/secure.gravatar.com\\\/avatar\\\/b4adea318df4c70b94a623d3f26fa06bc9ebbf768514d2cb1cb40c4ebf4c2c32?s=96&d=blank&r=g\",\"caption\":\"Libni Sanjurjo\"},\"sameAs\":[\"https:\\\/\\\/fcpr.org\"],\"url\":\"https:\\\/\\\/www.fcpr.org\\\/en\\\/author\\\/lisanfcpr\\\/\"}]}<\/script>\n<!-- \/ Yoast SEO Premium plugin. -->","yoast_head_json":{"title":"Fundaci\u00f3n Comunitaria publica libro que recoge 38 a\u00f1os de trayectoria filantr\u00f3pica en Puerto Rico - Fundaci\u00f3n Comunitaria de Puerto Rico","robots":{"index":"index","follow":"follow","max-snippet":"max-snippet:-1","max-image-preview":"max-image-preview:large","max-video-preview":"max-video-preview:-1"},"canonical":"https:\/\/www.fcpr.org\/en\/fundacion-comunitaria-publica-libro-que-recoge-38-anos-de-trayectoria-filantropica-en-puerto-rico\/","og_locale":"en_US","og_type":"article","og_title":"Fundaci\u00f3n Comunitaria publica libro que recoge 38 a\u00f1os de trayectoria filantr\u00f3pica en Puerto Rico","og_description":"Versi\u00f3n PDF del comunicado La Fundaci\u00f3n Comunitaria de Puerto Rico (FCPR) presenta a la comunidad puertorrique\u00f1a su evoluci\u00f3n y trayectoria filantr\u00f3pica en el libro Una fundaci\u00f3n comunitaria para todos los tiempos: 38 a\u00f1os de acci\u00f3n filantr\u00f3pica, aprovechando el mes de la filantrop\u00eda y la celebraci\u00f3n del trig\u00e9simo-noveno aniversario de la instituci\u00f3n. El contenido fue escrito [&hellip;]","og_url":"https:\/\/www.fcpr.org\/en\/fundacion-comunitaria-publica-libro-que-recoge-38-anos-de-trayectoria-filantropica-en-puerto-rico\/","og_site_name":"Fundaci\u00f3n Comunitaria de Puerto Rico","article_publisher":"https:\/\/www.facebook.com\/FundacionComunitaria","article_published_time":"2024-11-21T18:08:59+00:00","article_modified_time":"2025-01-23T19:03:54+00:00","og_image":[{"width":2560,"height":1707,"url":"https:\/\/www.fcpr.org\/wp-content\/uploads\/2024\/11\/1-min-2-scaled.jpg","type":"image\/jpeg"}],"author":"Libni Sanjurjo","twitter_card":"summary_large_image","twitter_creator":"@FComunitaria","twitter_site":"@FComunitaria","twitter_misc":{"Written by":"Libni Sanjurjo","Est. reading time":"7 minutes"},"schema":{"@context":"https:\/\/schema.org","@graph":[{"@type":"Article","@id":"https:\/\/www.fcpr.org\/fundacion-comunitaria-publica-libro-que-recoge-38-anos-de-trayectoria-filantropica-en-puerto-rico\/#article","isPartOf":{"@id":"https:\/\/www.fcpr.org\/fundacion-comunitaria-publica-libro-que-recoge-38-anos-de-trayectoria-filantropica-en-puerto-rico\/"},"author":{"name":"Libni Sanjurjo","@id":"https:\/\/www.fcpr.org\/#\/schema\/person\/49ddf8247898f4a287fad4df52650612"},"headline":"Fundaci\u00f3n Comunitaria publica libro que recoge 38 a\u00f1os de trayectoria filantr\u00f3pica en Puerto Rico","datePublished":"2024-11-21T18:08:59+00:00","dateModified":"2025-01-23T19:03:54+00:00","mainEntityOfPage":{"@id":"https:\/\/www.fcpr.org\/fundacion-comunitaria-publica-libro-que-recoge-38-anos-de-trayectoria-filantropica-en-puerto-rico\/"},"wordCount":933,"commentCount":0,"publisher":{"@id":"https:\/\/www.fcpr.org\/#organization"},"image":{"@id":"https:\/\/www.fcpr.org\/fundacion-comunitaria-publica-libro-que-recoge-38-anos-de-trayectoria-filantropica-en-puerto-rico\/#primaryimage"},"thumbnailUrl":"https:\/\/www.fcpr.org\/wp-content\/uploads\/2024\/11\/1-min-2-scaled.jpg","keywords":["aniversario","Comunicado","Filantrop\u00eda","Fundaciones","Trayectoria"],"articleSection":["Comunicado","comunicados"],"inLanguage":"en-US","potentialAction":[{"@type":"CommentAction","name":"Comment","target":["https:\/\/www.fcpr.org\/fundacion-comunitaria-publica-libro-que-recoge-38-anos-de-trayectoria-filantropica-en-puerto-rico\/#respond"]}]},{"@type":"WebPage","@id":"https:\/\/www.fcpr.org\/fundacion-comunitaria-publica-libro-que-recoge-38-anos-de-trayectoria-filantropica-en-puerto-rico\/","url":"https:\/\/www.fcpr.org\/fundacion-comunitaria-publica-libro-que-recoge-38-anos-de-trayectoria-filantropica-en-puerto-rico\/","name":"Fundaci\u00f3n Comunitaria publica libro que recoge 38 a\u00f1os de trayectoria filantr\u00f3pica en Puerto Rico - Fundaci\u00f3n Comunitaria de Puerto Rico","isPartOf":{"@id":"https:\/\/www.fcpr.org\/#website"},"primaryImageOfPage":{"@id":"https:\/\/www.fcpr.org\/fundacion-comunitaria-publica-libro-que-recoge-38-anos-de-trayectoria-filantropica-en-puerto-rico\/#primaryimage"},"image":{"@id":"https:\/\/www.fcpr.org\/fundacion-comunitaria-publica-libro-que-recoge-38-anos-de-trayectoria-filantropica-en-puerto-rico\/#primaryimage"},"thumbnailUrl":"https:\/\/www.fcpr.org\/wp-content\/uploads\/2024\/11\/1-min-2-scaled.jpg","datePublished":"2024-11-21T18:08:59+00:00","dateModified":"2025-01-23T19:03:54+00:00","breadcrumb":{"@id":"https:\/\/www.fcpr.org\/fundacion-comunitaria-publica-libro-que-recoge-38-anos-de-trayectoria-filantropica-en-puerto-rico\/#breadcrumb"},"inLanguage":"en-US","potentialAction":[{"@type":"ReadAction","target":["https:\/\/www.fcpr.org\/fundacion-comunitaria-publica-libro-que-recoge-38-anos-de-trayectoria-filantropica-en-puerto-rico\/"]}]},{"@type":"ImageObject","inLanguage":"en-US","@id":"https:\/\/www.fcpr.org\/fundacion-comunitaria-publica-libro-que-recoge-38-anos-de-trayectoria-filantropica-en-puerto-rico\/#primaryimage","url":"https:\/\/www.fcpr.org\/wp-content\/uploads\/2024\/11\/1-min-2-scaled.jpg","contentUrl":"https:\/\/www.fcpr.org\/wp-content\/uploads\/2024\/11\/1-min-2-scaled.jpg","width":2560,"height":1707},{"@type":"BreadcrumbList","@id":"https:\/\/www.fcpr.org\/fundacion-comunitaria-publica-libro-que-recoge-38-anos-de-trayectoria-filantropica-en-puerto-rico\/#breadcrumb","itemListElement":[{"@type":"ListItem","position":1,"name":"Home","item":"https:\/\/www.fcpr.org\/"},{"@type":"ListItem","position":2,"name":"Fundaci\u00f3n Comunitaria publica libro que recoge 38 a\u00f1os de trayectoria filantr\u00f3pica en Puerto Rico"}]},{"@type":"WebSite","@id":"https:\/\/www.fcpr.org\/#website","url":"https:\/\/www.fcpr.org\/","name":"Puerto Rico Community Foundation","description":"Strengthening Community Capital","publisher":{"@id":"https:\/\/www.fcpr.org\/#organization"},"potentialAction":[{"@type":"SearchAction","target":{"@type":"EntryPoint","urlTemplate":"https:\/\/www.fcpr.org\/?s={search_term_string}"},"query-input":{"@type":"PropertyValueSpecification","valueRequired":true,"valueName":"search_term_string"}}],"inLanguage":"en-US"},{"@type":"Organization","@id":"https:\/\/www.fcpr.org\/#organization","name":"Puerto Rico Community Foundation","url":"https:\/\/www.fcpr.org\/","logo":{"@type":"ImageObject","inLanguage":"en-US","@id":"https:\/\/www.fcpr.org\/#\/schema\/logo\/image\/","url":"https:\/\/www.fcpr.org\/wp-content\/uploads\/2016\/08\/logo-corp-red.png","contentUrl":"https:\/\/www.fcpr.org\/wp-content\/uploads\/2016\/08\/logo-corp-red.png","width":221,"height":32,"caption":"Fundaci\u00f3n Comunitaria de Puerto Rico"},"image":{"@id":"https:\/\/www.fcpr.org\/#\/schema\/logo\/image\/"},"sameAs":["https:\/\/www.facebook.com\/FundacionComunitaria","https:\/\/x.com\/FComunitaria","https:\/\/www.instagram.com\/fundacioncomunitaria\/","https:\/\/www.youtube.com\/channel\/UCGGW21eIGw6NRin0BrylmWg"]},{"@type":"Person","@id":"https:\/\/www.fcpr.org\/#\/schema\/person\/49ddf8247898f4a287fad4df52650612","name":"Libni Sanjurjo","image":{"@type":"ImageObject","inLanguage":"en-US","@id":"https:\/\/secure.gravatar.com\/avatar\/b4adea318df4c70b94a623d3f26fa06bc9ebbf768514d2cb1cb40c4ebf4c2c32?s=96&d=blank&r=g","url":"https:\/\/secure.gravatar.com\/avatar\/b4adea318df4c70b94a623d3f26fa06bc9ebbf768514d2cb1cb40c4ebf4c2c32?s=96&d=blank&r=g","contentUrl":"https:\/\/secure.gravatar.com\/avatar\/b4adea318df4c70b94a623d3f26fa06bc9ebbf768514d2cb1cb40c4ebf4c2c32?s=96&d=blank&r=g","caption":"Libni Sanjurjo"},"sameAs":["https:\/\/fcpr.org"],"url":"https:\/\/www.fcpr.org\/en\/author\/lisanfcpr\/"}]}},"_links":{"self":[{"href":"https:\/\/www.fcpr.org\/en\/wp-json\/wp\/v2\/posts\/17108","targetHints":{"allow":["GET"]}}],"collection":[{"href":"https:\/\/www.fcpr.org\/en\/wp-json\/wp\/v2\/posts"}],"about":[{"href":"https:\/\/www.fcpr.org\/en\/wp-json\/wp\/v2\/types\/post"}],"author":[{"embeddable":true,"href":"https:\/\/www.fcpr.org\/en\/wp-json\/wp\/v2\/users\/7"}],"replies":[{"embeddable":true,"href":"https:\/\/www.fcpr.org\/en\/wp-json\/wp\/v2\/comments?post=17108"}],"version-history":[{"count":3,"href":"https:\/\/www.fcpr.org\/en\/wp-json\/wp\/v2\/posts\/17108\/revisions"}],"predecessor-version":[{"id":17125,"href":"https:\/\/www.fcpr.org\/en\/wp-json\/wp\/v2\/posts\/17108\/revisions\/17125"}],"wp:featuredmedia":[{"embeddable":true,"href":"https:\/\/www.fcpr.org\/en\/wp-json\/wp\/v2\/media\/17112"}],"wp:attachment":[{"href":"https:\/\/www.fcpr.org\/en\/wp-json\/wp\/v2\/media?parent=17108"}],"wp:term":[{"taxonomy":"category","embeddable":true,"href":"https:\/\/www.fcpr.org\/en\/wp-json\/wp\/v2\/categories?post=17108"},{"taxonomy":"post_tag","embeddable":true,"href":"https:\/\/www.fcpr.org\/en\/wp-json\/wp\/v2\/tags?post=17108"}],"curies":[{"name":"wp","href":"https:\/\/api.w.org\/{rel}","templated":true}]}}