{"id":19147,"date":"2026-09-01T12:01:28","date_gmt":"2026-09-01T16:01:28","guid":{"rendered":"https:\/\/www.fcpr.org\/?p=19147"},"modified":"2026-09-01T12:01:30","modified_gmt":"2026-09-01T16:01:30","slug":"avancesceri","status":"publish","type":"post","link":"https:\/\/www.fcpr.org\/en\/avancesceri\/","title":{"rendered":"CERI fortalece la resiliencia energ\u00e9tica de negocios y organizaciones que ofrecen servicios esenciales en Puerto Rico"},"content":{"rendered":"<p class=\"wp-block-paragraph\">Ante la inestabilidad del sistema el\u00e9ctrico y el impacto que esto puede tener sobre servicios indispensables para las comunidades, la <strong>Community Energy Resilience Initiative<\/strong> (CERI, por sus siglas en ingl\u00e9s) contin\u00faa fortaleciendo la capacidad de negocios y organizaciones sin fines de lucro para mantener sus operaciones durante y despu\u00e9s de eventos de emergencia.<\/p>\n\n\n\n<p class=\"wp-block-paragraph\">Impulsada por Global Energy Alliance for People and the Planet (GEAPP) y administrada en Puerto Rico por la Fundaci\u00f3n Comunitaria de Puerto Rico (FCPR), CERI ofrece un modelo de acceso a capital que combina subsidios otorgados por la FCPR y financiamiento a trav\u00e9s de Banco Popular para negocios esenciales y organizaciones sin fines de lucro, con el prop\u00f3sito de facilitar la instalaci\u00f3n de sistemas de energ\u00eda solar y almacenamiento.<\/p>\n\n\n\n<p class=\"wp-block-paragraph\">A junio de 2026, CERI ha completado la instalaci\u00f3n de seis proyectos en los municipios de Utuado, Cidra, Gurabo, Hatillo, San Juan y Pe\u00f1uelas. En conjunto, estos proyectos representan una inversi\u00f3n de $376,895.70. Los sistemas instalados suman 92.38 kW de capacidad solar y 236.94 kWh de almacenamiento en bater\u00edas.<\/p>\n\n\n\n<p class=\"wp-block-paragraph\">\u201cLos primeros proyectos completados demuestran c\u00f3mo la resiliencia energ\u00e9tica puede traducirse en continuidad de servicios concretos. En Cidra, por ejemplo, el sistema instalado en Colmado Santos contribuye a mantener el acceso a alimentos, art\u00edculos esenciales para el hogar y servicios b\u00e1sicos durante interrupciones el\u00e9ctricas. En San Juan y Pe\u00f1uelas, los sistemas instalados en organizaciones que ofrecen servicios de salud mental apoyan la continuidad de atenci\u00f3n y servicios psicosociales para poblaciones vulnerables\u201d, expres\u00f3 la Lcda. Vivian I. Neptune Rivera, presidenta y CEO de la FCPR.<\/p>\n\n\n\n<p class=\"wp-block-paragraph\">Los proyectos respaldados corresponden a negocios y organizaciones que cumplen funciones importantes para sus comunidades, incluyendo servicios de alimentaci\u00f3n, salud, salud mental, construcci\u00f3n e infraestructura. Entre ellos se encuentran Panader\u00eda Mameyes en Utuado, Colmado Santos en Cidra, D\u2019Math Group en Gurabo, Cl\u00ednica Oral y Maxilofacial en Hatillo, el Centro de Desarrollo Psicoorganizacional y Psicoeducativo en San Juan y Transforma Family Group Therapy en Pe\u00f1uelas.<\/p>\n\n\n\n<p class=\"wp-block-paragraph\"><strong>\u201c<\/strong>Los resultados alcanzados hasta el momento reflejan el potencial de CERI para apoyar a establecimientos que cumplen una funci\u00f3n esencial en sus comunidades. La iniciativa busca continuar ampliando este impacto y por esto exhortamos a negocios y organizaciones sin fines de lucro que entiendan que sus servicios son fundamentales durante una emergencia a solicitar esta ayuda. La meta es que m\u00e1s instalaciones esenciales puedan contar con una fuente de energ\u00eda alterna antes de que ocurra la pr\u00f3xima interrupci\u00f3n, protegiendo no solo sus operaciones, sino tambi\u00e9n a las personas y comunidades que dependen de sus servicios\u201d, a\u00f1adi\u00f3 Neptune Rivera.<\/p>\n\n\n\n<p class=\"wp-block-paragraph\">Para efectos del programa CERI, una instalaci\u00f3n cr\u00edtica es un negocio u organizaci\u00f3n sin fines de lucro que brinda servicios sociales o econ\u00f3micos esenciales y cuya operaci\u00f3n adquiere particular importancia durante y despu\u00e9s de una emergencia. \u201cEl programa CERI no se limita a una lista de industrias tradicionales. La iniciativa eval\u00faa el rol que una instalaci\u00f3n desempe\u00f1a en su comunidad y la importancia de que sus servicios puedan continuar durante una emergencia\u201d, indic\u00f3 Alison Mason, oficial de programa de energ\u00eda en la FCPR.<\/p>\n\n\n\n<p class=\"wp-block-paragraph\">Entre los principales criterios de elegibilidad para solicitar al programa se encuentran:<\/p>\n\n\n\n<ul class=\"wp-block-list\">\n<li>Ser un negocio u organizaci\u00f3n sin fines de lucro que cualifique como instalaci\u00f3n cr\u00edtica bajo CERI.<\/li>\n\n\n\n<li>Ser due\u00f1o de la propiedad donde se instalar\u00e1 el sistema solar.<\/li>\n\n\n\n<li>Llevar m\u00e1s de cinco a\u00f1os operando.<\/li>\n\n\n\n<li>Tener ingresos brutos menores de $5 millones.<\/li>\n<\/ul>\n\n\n\n<p class=\"wp-block-paragraph\">Para conocer m\u00e1s sobre CERI, los criterios de elegibilidad y el proceso para solicitar, los interesados deben visitar <a href=\"http:\/\/www.fcpr.org\/en\/ceri\/\"><strong>www.fcpr.org\/ceri<\/strong><\/a>.<\/p>\n\n\n\n<div class=\"wp-block-buttons is-content-justification-center is-layout-flex wp-container-core-buttons-is-layout-3e41869c wp-block-buttons-is-layout-flex\">\n<div class=\"wp-block-button is-style-fill\"><a class=\"wp-block-button__link has-black-color has-luminous-vivid-amber-background-color has-text-color has-background has-link-color has-border-color has-luminous-vivid-amber-border-color has-text-align-center wp-element-button\" href=\"https:\/\/www.fcpr.org\/en\/ceri\/\" style=\"padding-top:var(--wp--preset--spacing--30);padding-bottom:var(--wp--preset--spacing--30)\"><strong>Conoce todos los detalles sobre CERI<\/strong><\/a><\/div>\n<\/div>\n\n\n\n<h4 id=\"h-\" class=\"wp-block-heading\"><\/h4>\n\n\n\n<p class=\"wp-block-paragraph\"><\/p>","protected":false},"excerpt":{"rendered":"<p>Ante la inestabilidad del sistema el\u00e9ctrico y el impacto que esto puede tener sobre servicios indispensables para las comunidades, la Iniciativa de Resiliencia Energ\u00e9tica Comunitaria (CERI, por sus siglas en ingl\u00e9s) contin\u00faa fortaleciendo la capacidad de negocios y organizaciones sin fines de lucro para mantener sus operaciones durante y despu\u00e9s de eventos de emergencia. Impulsada [&hellip;]<\/p>\n","protected":false},"author":4,"featured_media":19154,"comment_status":"closed","ping_status":"open","sticky":false,"template":"","format":"standard","meta":{"give_campaign_id":0,"footnotes":""},"categories":[406,55,502],"tags":[706,473,852],"class_list":["post-19147","post","type-post","status-publish","format-standard","has-post-thumbnail","hentry","category-comunicado","category-convocatorias","category-noticias-portada","tag-ceri","tag-energia-3","tag-resilienciaenergetica"],"yoast_head":"<!-- This site is optimized with the Yoast SEO Premium plugin v28.3 (Yoast SEO v28.3) - https:\/\/yoast.com\/product\/yoast-seo-premium-wordpress\/ -->\n<title>CERI fortalece la resiliencia energ\u00e9tica de negocios y organizaciones que ofrecen servicios esenciales en Puerto Rico - Fundaci\u00f3n Comunitaria de Puerto Rico<\/title>\n<meta name=\"robots\" content=\"index, follow, max-snippet:-1, max-image-preview:large, max-video-preview:-1\" \/>\n<link rel=\"canonical\" href=\"https:\/\/www.fcpr.org\/en\/avancesceri\/\" \/>\n<meta property=\"og:locale\" content=\"en_US\" \/>\n<meta property=\"og:type\" content=\"article\" \/>\n<meta property=\"og:title\" content=\"CERI fortalece la resiliencia energ\u00e9tica de negocios y organizaciones que ofrecen servicios esenciales en Puerto Rico\" \/>\n<meta property=\"og:description\" content=\"Ante la inestabilidad del sistema el\u00e9ctrico y el impacto que esto puede tener sobre servicios indispensables para las comunidades, la Iniciativa de Resiliencia Energ\u00e9tica Comunitaria (CERI, por sus siglas en ingl\u00e9s) contin\u00faa fortaleciendo la capacidad de negocios y organizaciones sin fines de lucro para mantener sus operaciones durante y despu\u00e9s de eventos de emergencia. Impulsada [&hellip;]\" \/>\n<meta property=\"og:url\" content=\"https:\/\/www.fcpr.org\/en\/avancesceri\/\" \/>\n<meta property=\"og:site_name\" content=\"Fundaci\u00f3n Comunitaria de Puerto Rico\" \/>\n<meta property=\"article:publisher\" content=\"https:\/\/www.facebook.com\/FundacionComunitaria\" \/>\n<meta property=\"article:published_time\" content=\"2026-09-01T16:01:28+00:00\" \/>\n<meta property=\"article:modified_time\" content=\"2026-09-01T16:01:30+00:00\" \/>\n<meta property=\"og:image\" content=\"https:\/\/www.fcpr.org\/wp-content\/uploads\/2026\/09\/graduacion-7.png\" \/>\n\t<meta property=\"og:image:width\" content=\"1200\" \/>\n\t<meta property=\"og:image:height\" content=\"600\" \/>\n\t<meta property=\"og:image:type\" content=\"image\/png\" \/>\n<meta name=\"author\" content=\"FCPR\" \/>\n<meta name=\"twitter:card\" content=\"summary_large_image\" \/>\n<meta name=\"twitter:creator\" content=\"@FComunitaria\" \/>\n<meta name=\"twitter:site\" content=\"@FComunitaria\" \/>\n<meta name=\"twitter:label1\" content=\"Written by\" \/>\n\t<meta name=\"twitter:data1\" content=\"FCPR\" \/>\n\t<meta name=\"twitter:label2\" content=\"Est. reading time\" \/>\n\t<meta name=\"twitter:data2\" content=\"3 minutes\" \/>\n<script type=\"application\/ld+json\" class=\"yoast-schema-graph\">{\"@context\":\"https:\\\/\\\/schema.org\",\"@graph\":[{\"@type\":\"Article\",\"@id\":\"https:\\\/\\\/www.fcpr.org\\\/avancesceri\\\/#article\",\"isPartOf\":{\"@id\":\"https:\\\/\\\/www.fcpr.org\\\/avancesceri\\\/\"},\"author\":{\"name\":\"FCPR\",\"@id\":\"https:\\\/\\\/www.fcpr.org\\\/#\\\/schema\\\/person\\\/8231c5ec4d08352e6a4ce3702e35f3c3\"},\"headline\":\"CERI fortalece la resiliencia energ\u00e9tica de negocios y organizaciones que ofrecen servicios esenciales en Puerto Rico\",\"datePublished\":\"2026-09-01T16:01:28+00:00\",\"dateModified\":\"2026-09-01T16:01:30+00:00\",\"mainEntityOfPage\":{\"@id\":\"https:\\\/\\\/www.fcpr.org\\\/avancesceri\\\/\"},\"wordCount\":644,\"publisher\":{\"@id\":\"https:\\\/\\\/www.fcpr.org\\\/#organization\"},\"image\":{\"@id\":\"https:\\\/\\\/www.fcpr.org\\\/avancesceri\\\/#primaryimage\"},\"thumbnailUrl\":\"https:\\\/\\\/www.fcpr.org\\\/wp-content\\\/uploads\\\/2026\\\/09\\\/graduacion-7.png\",\"keywords\":[\"CERI\",\"energia\",\"RESILIENCIAENERGETICA\"],\"articleSection\":[\"Comunicado\",\"Convocatorias\",\"Noticias Portada\"],\"inLanguage\":\"en-US\"},{\"@type\":\"WebPage\",\"@id\":\"https:\\\/\\\/www.fcpr.org\\\/avancesceri\\\/\",\"url\":\"https:\\\/\\\/www.fcpr.org\\\/avancesceri\\\/\",\"name\":\"CERI fortalece la resiliencia energ\u00e9tica de negocios y organizaciones que ofrecen servicios esenciales en Puerto Rico - Fundaci\u00f3n Comunitaria de Puerto Rico\",\"isPartOf\":{\"@id\":\"https:\\\/\\\/www.fcpr.org\\\/#website\"},\"primaryImageOfPage\":{\"@id\":\"https:\\\/\\\/www.fcpr.org\\\/avancesceri\\\/#primaryimage\"},\"image\":{\"@id\":\"https:\\\/\\\/www.fcpr.org\\\/avancesceri\\\/#primaryimage\"},\"thumbnailUrl\":\"https:\\\/\\\/www.fcpr.org\\\/wp-content\\\/uploads\\\/2026\\\/09\\\/graduacion-7.png\",\"datePublished\":\"2026-09-01T16:01:28+00:00\",\"dateModified\":\"2026-09-01T16:01:30+00:00\",\"breadcrumb\":{\"@id\":\"https:\\\/\\\/www.fcpr.org\\\/avancesceri\\\/#breadcrumb\"},\"inLanguage\":\"en-US\",\"potentialAction\":[{\"@type\":\"ReadAction\",\"target\":[\"https:\\\/\\\/www.fcpr.org\\\/avancesceri\\\/\"]}]},{\"@type\":\"ImageObject\",\"inLanguage\":\"en-US\",\"@id\":\"https:\\\/\\\/www.fcpr.org\\\/avancesceri\\\/#primaryimage\",\"url\":\"https:\\\/\\\/www.fcpr.org\\\/wp-content\\\/uploads\\\/2026\\\/09\\\/graduacion-7.png\",\"contentUrl\":\"https:\\\/\\\/www.fcpr.org\\\/wp-content\\\/uploads\\\/2026\\\/09\\\/graduacion-7.png\",\"width\":1200,\"height\":600},{\"@type\":\"BreadcrumbList\",\"@id\":\"https:\\\/\\\/www.fcpr.org\\\/avancesceri\\\/#breadcrumb\",\"itemListElement\":[{\"@type\":\"ListItem\",\"position\":1,\"name\":\"Home\",\"item\":\"https:\\\/\\\/www.fcpr.org\\\/\"},{\"@type\":\"ListItem\",\"position\":2,\"name\":\"CERI fortalece la resiliencia energ\u00e9tica de negocios y organizaciones que ofrecen servicios esenciales en Puerto Rico\"}]},{\"@type\":\"WebSite\",\"@id\":\"https:\\\/\\\/www.fcpr.org\\\/#website\",\"url\":\"https:\\\/\\\/www.fcpr.org\\\/\",\"name\":\"Fundaci\u00f3n Comunitaria de Puerto Rico\",\"description\":\"Fortaleciendo el Capital Comunitario\",\"publisher\":{\"@id\":\"https:\\\/\\\/www.fcpr.org\\\/#organization\"},\"potentialAction\":[{\"@type\":\"SearchAction\",\"target\":{\"@type\":\"EntryPoint\",\"urlTemplate\":\"https:\\\/\\\/www.fcpr.org\\\/?s={search_term_string}\"},\"query-input\":{\"@type\":\"PropertyValueSpecification\",\"valueRequired\":true,\"valueName\":\"search_term_string\"}}],\"inLanguage\":\"en-US\"},{\"@type\":\"Organization\",\"@id\":\"https:\\\/\\\/www.fcpr.org\\\/#organization\",\"name\":\"Fundaci\u00f3n Comunitaria de Puerto Rico\",\"url\":\"https:\\\/\\\/www.fcpr.org\\\/\",\"logo\":{\"@type\":\"ImageObject\",\"inLanguage\":\"en-US\",\"@id\":\"https:\\\/\\\/www.fcpr.org\\\/#\\\/schema\\\/logo\\\/image\\\/\",\"url\":\"https:\\\/\\\/www.fcpr.org\\\/wp-content\\\/uploads\\\/2016\\\/08\\\/logo-corp-red.png\",\"contentUrl\":\"https:\\\/\\\/www.fcpr.org\\\/wp-content\\\/uploads\\\/2016\\\/08\\\/logo-corp-red.png\",\"width\":221,\"height\":32,\"caption\":\"Fundaci\u00f3n Comunitaria de Puerto Rico\"},\"image\":{\"@id\":\"https:\\\/\\\/www.fcpr.org\\\/#\\\/schema\\\/logo\\\/image\\\/\"},\"sameAs\":[\"https:\\\/\\\/www.facebook.com\\\/FundacionComunitaria\",\"https:\\\/\\\/x.com\\\/FComunitaria\",\"https:\\\/\\\/www.instagram.com\\\/fundacioncomunitaria\\\/\",\"https:\\\/\\\/www.youtube.com\\\/channel\\\/UCGGW21eIGw6NRin0BrylmWg\"]},{\"@type\":\"Person\",\"@id\":\"https:\\\/\\\/www.fcpr.org\\\/#\\\/schema\\\/person\\\/8231c5ec4d08352e6a4ce3702e35f3c3\",\"name\":\"FCPR\",\"image\":{\"@type\":\"ImageObject\",\"inLanguage\":\"en-US\",\"@id\":\"https:\\\/\\\/secure.gravatar.com\\\/avatar\\\/fe4949f530883214bb05bea93cfcc96c4a6905a6c377112f07f806bafc3a2e5d?s=96&d=blank&r=g\",\"url\":\"https:\\\/\\\/secure.gravatar.com\\\/avatar\\\/fe4949f530883214bb05bea93cfcc96c4a6905a6c377112f07f806bafc3a2e5d?s=96&d=blank&r=g\",\"contentUrl\":\"https:\\\/\\\/secure.gravatar.com\\\/avatar\\\/fe4949f530883214bb05bea93cfcc96c4a6905a6c377112f07f806bafc3a2e5d?s=96&d=blank&r=g\",\"caption\":\"FCPR\"},\"url\":\"https:\\\/\\\/www.fcpr.org\\\/en\\\/author\\\/perla\\\/\"}]}<\/script>\n<!-- \/ Yoast SEO Premium plugin. -->","yoast_head_json":{"title":"CERI fortalece la resiliencia energ\u00e9tica de negocios y organizaciones que ofrecen servicios esenciales en Puerto Rico - Fundaci\u00f3n Comunitaria de Puerto Rico","robots":{"index":"index","follow":"follow","max-snippet":"max-snippet:-1","max-image-preview":"max-image-preview:large","max-video-preview":"max-video-preview:-1"},"canonical":"https:\/\/www.fcpr.org\/en\/avancesceri\/","og_locale":"en_US","og_type":"article","og_title":"CERI fortalece la resiliencia energ\u00e9tica de negocios y organizaciones que ofrecen servicios esenciales en Puerto Rico","og_description":"Ante la inestabilidad del sistema el\u00e9ctrico y el impacto que esto puede tener sobre servicios indispensables para las comunidades, la Iniciativa de Resiliencia Energ\u00e9tica Comunitaria (CERI, por sus siglas en ingl\u00e9s) contin\u00faa fortaleciendo la capacidad de negocios y organizaciones sin fines de lucro para mantener sus operaciones durante y despu\u00e9s de eventos de emergencia. Impulsada [&hellip;]","og_url":"https:\/\/www.fcpr.org\/en\/avancesceri\/","og_site_name":"Fundaci\u00f3n Comunitaria de Puerto Rico","article_publisher":"https:\/\/www.facebook.com\/FundacionComunitaria","article_published_time":"2026-09-01T16:01:28+00:00","article_modified_time":"2026-09-01T16:01:30+00:00","og_image":[{"width":1200,"height":600,"url":"https:\/\/www.fcpr.org\/wp-content\/uploads\/2026\/09\/graduacion-7.png","type":"image\/png"}],"author":"FCPR","twitter_card":"summary_large_image","twitter_creator":"@FComunitaria","twitter_site":"@FComunitaria","twitter_misc":{"Written by":"FCPR","Est. reading time":"3 minutes"},"schema":{"@context":"https:\/\/schema.org","@graph":[{"@type":"Article","@id":"https:\/\/www.fcpr.org\/avancesceri\/#article","isPartOf":{"@id":"https:\/\/www.fcpr.org\/avancesceri\/"},"author":{"name":"FCPR","@id":"https:\/\/www.fcpr.org\/#\/schema\/person\/8231c5ec4d08352e6a4ce3702e35f3c3"},"headline":"CERI fortalece la resiliencia energ\u00e9tica de negocios y organizaciones que ofrecen servicios esenciales en Puerto Rico","datePublished":"2026-09-01T16:01:28+00:00","dateModified":"2026-09-01T16:01:30+00:00","mainEntityOfPage":{"@id":"https:\/\/www.fcpr.org\/avancesceri\/"},"wordCount":644,"publisher":{"@id":"https:\/\/www.fcpr.org\/#organization"},"image":{"@id":"https:\/\/www.fcpr.org\/avancesceri\/#primaryimage"},"thumbnailUrl":"https:\/\/www.fcpr.org\/wp-content\/uploads\/2026\/09\/graduacion-7.png","keywords":["CERI","energia","RESILIENCIAENERGETICA"],"articleSection":["Comunicado","Convocatorias","Noticias Portada"],"inLanguage":"en-US"},{"@type":"WebPage","@id":"https:\/\/www.fcpr.org\/avancesceri\/","url":"https:\/\/www.fcpr.org\/avancesceri\/","name":"CERI fortalece la resiliencia energ\u00e9tica de negocios y organizaciones que ofrecen servicios esenciales en Puerto Rico - Fundaci\u00f3n Comunitaria de Puerto Rico","isPartOf":{"@id":"https:\/\/www.fcpr.org\/#website"},"primaryImageOfPage":{"@id":"https:\/\/www.fcpr.org\/avancesceri\/#primaryimage"},"image":{"@id":"https:\/\/www.fcpr.org\/avancesceri\/#primaryimage"},"thumbnailUrl":"https:\/\/www.fcpr.org\/wp-content\/uploads\/2026\/09\/graduacion-7.png","datePublished":"2026-09-01T16:01:28+00:00","dateModified":"2026-09-01T16:01:30+00:00","breadcrumb":{"@id":"https:\/\/www.fcpr.org\/avancesceri\/#breadcrumb"},"inLanguage":"en-US","potentialAction":[{"@type":"ReadAction","target":["https:\/\/www.fcpr.org\/avancesceri\/"]}]},{"@type":"ImageObject","inLanguage":"en-US","@id":"https:\/\/www.fcpr.org\/avancesceri\/#primaryimage","url":"https:\/\/www.fcpr.org\/wp-content\/uploads\/2026\/09\/graduacion-7.png","contentUrl":"https:\/\/www.fcpr.org\/wp-content\/uploads\/2026\/09\/graduacion-7.png","width":1200,"height":600},{"@type":"BreadcrumbList","@id":"https:\/\/www.fcpr.org\/avancesceri\/#breadcrumb","itemListElement":[{"@type":"ListItem","position":1,"name":"Home","item":"https:\/\/www.fcpr.org\/"},{"@type":"ListItem","position":2,"name":"CERI fortalece la resiliencia energ\u00e9tica de negocios y organizaciones que ofrecen servicios esenciales en Puerto Rico"}]},{"@type":"WebSite","@id":"https:\/\/www.fcpr.org\/#website","url":"https:\/\/www.fcpr.org\/","name":"Puerto Rico Community Foundation","description":"Strengthening Community Capital","publisher":{"@id":"https:\/\/www.fcpr.org\/#organization"},"potentialAction":[{"@type":"SearchAction","target":{"@type":"EntryPoint","urlTemplate":"https:\/\/www.fcpr.org\/?s={search_term_string}"},"query-input":{"@type":"PropertyValueSpecification","valueRequired":true,"valueName":"search_term_string"}}],"inLanguage":"en-US"},{"@type":"Organization","@id":"https:\/\/www.fcpr.org\/#organization","name":"Puerto Rico Community Foundation","url":"https:\/\/www.fcpr.org\/","logo":{"@type":"ImageObject","inLanguage":"en-US","@id":"https:\/\/www.fcpr.org\/#\/schema\/logo\/image\/","url":"https:\/\/www.fcpr.org\/wp-content\/uploads\/2016\/08\/logo-corp-red.png","contentUrl":"https:\/\/www.fcpr.org\/wp-content\/uploads\/2016\/08\/logo-corp-red.png","width":221,"height":32,"caption":"Fundaci\u00f3n Comunitaria de Puerto Rico"},"image":{"@id":"https:\/\/www.fcpr.org\/#\/schema\/logo\/image\/"},"sameAs":["https:\/\/www.facebook.com\/FundacionComunitaria","https:\/\/x.com\/FComunitaria","https:\/\/www.instagram.com\/fundacioncomunitaria\/","https:\/\/www.youtube.com\/channel\/UCGGW21eIGw6NRin0BrylmWg"]},{"@type":"Person","@id":"https:\/\/www.fcpr.org\/#\/schema\/person\/8231c5ec4d08352e6a4ce3702e35f3c3","name":"FCPR","image":{"@type":"ImageObject","inLanguage":"en-US","@id":"https:\/\/secure.gravatar.com\/avatar\/fe4949f530883214bb05bea93cfcc96c4a6905a6c377112f07f806bafc3a2e5d?s=96&d=blank&r=g","url":"https:\/\/secure.gravatar.com\/avatar\/fe4949f530883214bb05bea93cfcc96c4a6905a6c377112f07f806bafc3a2e5d?s=96&d=blank&r=g","contentUrl":"https:\/\/secure.gravatar.com\/avatar\/fe4949f530883214bb05bea93cfcc96c4a6905a6c377112f07f806bafc3a2e5d?s=96&d=blank&r=g","caption":"FCPR"},"url":"https:\/\/www.fcpr.org\/en\/author\/perla\/"}]}},"_links":{"self":[{"href":"https:\/\/www.fcpr.org\/en\/wp-json\/wp\/v2\/posts\/19147","targetHints":{"allow":["GET"]}}],"collection":[{"href":"https:\/\/www.fcpr.org\/en\/wp-json\/wp\/v2\/posts"}],"about":[{"href":"https:\/\/www.fcpr.org\/en\/wp-json\/wp\/v2\/types\/post"}],"author":[{"embeddable":true,"href":"https:\/\/www.fcpr.org\/en\/wp-json\/wp\/v2\/users\/4"}],"replies":[{"embeddable":true,"href":"https:\/\/www.fcpr.org\/en\/wp-json\/wp\/v2\/comments?post=19147"}],"version-history":[{"count":2,"href":"https:\/\/www.fcpr.org\/en\/wp-json\/wp\/v2\/posts\/19147\/revisions"}],"predecessor-version":[{"id":19158,"href":"https:\/\/www.fcpr.org\/en\/wp-json\/wp\/v2\/posts\/19147\/revisions\/19158"}],"wp:featuredmedia":[{"embeddable":true,"href":"https:\/\/www.fcpr.org\/en\/wp-json\/wp\/v2\/media\/19154"}],"wp:attachment":[{"href":"https:\/\/www.fcpr.org\/en\/wp-json\/wp\/v2\/media?parent=19147"}],"wp:term":[{"taxonomy":"category","embeddable":true,"href":"https:\/\/www.fcpr.org\/en\/wp-json\/wp\/v2\/categories?post=19147"},{"taxonomy":"post_tag","embeddable":true,"href":"https:\/\/www.fcpr.org\/en\/wp-json\/wp\/v2\/tags?post=19147"}],"curies":[{"name":"wp","href":"https:\/\/api.w.org\/{rel}","templated":true}]}}