{"id":19159,"date":"2026-09-01T12:19:28","date_gmt":"2026-09-01T16:19:28","guid":{"rendered":"https:\/\/www.fcpr.org\/?p=19159"},"modified":"2026-09-01T12:19:30","modified_gmt":"2026-09-01T16:19:30","slug":"visitascomunitarias","status":"publish","type":"post","link":"https:\/\/www.fcpr.org\/en\/visitascomunitarias\/","title":{"rendered":"Escuchando, aprendiendo y fortaleciendo alianzas"},"content":{"rendered":"<p class=\"wp-block-paragraph\">Durante las pasadas semanas, la presidenta de la Fundaci\u00f3n Comunitaria de Puerto Rico, la Lcda. Vivian I. Neptune Rivera, ha recorrido diversas comunidades y organizaciones sin fines de lucro que forman parte del ecosistema de entidades apoyadas por la Fundaci\u00f3n.<\/p>\n\n\n\n<p class=\"wp-block-paragraph\">M\u00e1s que visitas protocolares, estos encuentros han permitido conocer de primera mano los proyectos que impulsan el desarrollo comunitario, escuchar las necesidades de las organizaciones y fortalecer las relaciones que hacen posible una filantrop\u00eda m\u00e1s cercana, participativa y transformadora.<\/p>\n\n\n\n<p class=\"wp-block-paragraph\">Desde iniciativas enfocadas en educaci\u00f3n, desarrollo econ\u00f3mico y liderazgo comunitario hasta proyectos que promueven la seguridad alimentaria, la resiliencia comunitaria y el bienestar social, cada visita reafirma el compromiso de la Fundaci\u00f3n de acompa\u00f1ar a las organizaciones que trabajan diariamente por un Puerto Rico m\u00e1s justo y equitativo.<\/p>\n\n\n\n<p class=\"wp-block-paragraph\">\u00abConocer el trabajo que realizan nuestras organizaciones y escuchar directamente a las comunidades nos permite identificar nuevas oportunidades para seguir construyendo alianzas que generen un mayor impacto colectivo\u00bb,  expres\u00f3 la Lcda. Neptune Rivera.<\/p>\n\n\n\n<p class=\"wp-block-paragraph\">Agradecemos \u00a0a One Stop Career Center of Puerto Rico, la \u00a0Oficina para la Promoci\u00f3n y el Desarrollo Humano (OPDH) en Arecibo, la Asociaci\u00f3n de Acueductos Comunitarios de Puerto Rico y el Acueducto\u00a0Rural Pedro Calixto, en Caguas, \u00a0P.E.C.E.S. Inc. en Humacao, la Red por los Derechos de la Ni\u00f1ez y Juventud de \u00a0Puerto Rico en Juncos, Monteazul en Yabucoa, P.A.Y.E. en Lo\u00edza, y El Comedor de la Kennedy, por recibirnos y por el gran \u00a0trabajo que ejercen cada d\u00eda en favor de nuestras comunidades m\u00e1s vulnerables.<\/p>\n\n\n\n<h4 id=\"h-\" class=\"wp-block-heading\"><\/h4>\n\n\n\n<p class=\"wp-block-paragraph\"><\/p>","protected":false},"excerpt":{"rendered":"<p>Durante las pasadas semanas, la presidenta de la Fundaci\u00f3n Comunitaria de Puerto Rico, la Lcda. Vivian I. Neptune Rivera, ha recorrido diversas comunidades y organizaciones sin fines de lucro que forman parte del ecosistema de entidades apoyadas por la Fundaci\u00f3n. M\u00e1s que visitas protocolares, estos encuentros han permitido conocer de primera mano los proyectos que [&hellip;]<\/p>\n","protected":false},"author":4,"featured_media":19161,"comment_status":"closed","ping_status":"open","sticky":false,"template":"","format":"standard","meta":{"give_campaign_id":0,"footnotes":""},"categories":[406,55,502],"tags":[853,73,854],"class_list":["post-19159","post","type-post","status-publish","format-standard","has-post-thumbnail","hentry","category-comunicado","category-convocatorias","category-noticias-portada","tag-colaboracion","tag-comunidades","tag-tercersector"],"yoast_head":"<!-- This site is optimized with the Yoast SEO Premium plugin v28.3 (Yoast SEO v28.3) - https:\/\/yoast.com\/product\/yoast-seo-premium-wordpress\/ -->\n<title>Escuchando, aprendiendo y fortaleciendo alianzas - Fundaci\u00f3n Comunitaria de Puerto Rico<\/title>\n<meta name=\"robots\" content=\"index, follow, max-snippet:-1, max-image-preview:large, max-video-preview:-1\" \/>\n<link rel=\"canonical\" href=\"https:\/\/www.fcpr.org\/en\/visitascomunitarias\/\" \/>\n<meta property=\"og:locale\" content=\"en_US\" \/>\n<meta property=\"og:type\" content=\"article\" \/>\n<meta property=\"og:title\" content=\"Escuchando, aprendiendo y fortaleciendo alianzas\" \/>\n<meta property=\"og:description\" content=\"Durante las pasadas semanas, la presidenta de la Fundaci\u00f3n Comunitaria de Puerto Rico, la Lcda. Vivian I. Neptune Rivera, ha recorrido diversas comunidades y organizaciones sin fines de lucro que forman parte del ecosistema de entidades apoyadas por la Fundaci\u00f3n. M\u00e1s que visitas protocolares, estos encuentros han permitido conocer de primera mano los proyectos que [&hellip;]\" \/>\n<meta property=\"og:url\" content=\"https:\/\/www.fcpr.org\/en\/visitascomunitarias\/\" \/>\n<meta property=\"og:site_name\" content=\"Fundaci\u00f3n Comunitaria de Puerto Rico\" \/>\n<meta property=\"article:publisher\" content=\"https:\/\/www.facebook.com\/FundacionComunitaria\" \/>\n<meta property=\"article:published_time\" content=\"2026-09-01T16:19:28+00:00\" \/>\n<meta property=\"article:modified_time\" content=\"2026-09-01T16:19:30+00:00\" \/>\n<meta property=\"og:image\" content=\"https:\/\/www.fcpr.org\/wp-content\/uploads\/2026\/09\/graduacion-8.png\" \/>\n\t<meta property=\"og:image:width\" content=\"1200\" \/>\n\t<meta property=\"og:image:height\" content=\"600\" \/>\n\t<meta property=\"og:image:type\" content=\"image\/png\" \/>\n<meta name=\"author\" content=\"FCPR\" \/>\n<meta name=\"twitter:card\" content=\"summary_large_image\" \/>\n<meta name=\"twitter:creator\" content=\"@FComunitaria\" \/>\n<meta name=\"twitter:site\" content=\"@FComunitaria\" \/>\n<meta name=\"twitter:label1\" content=\"Written by\" \/>\n\t<meta name=\"twitter:data1\" content=\"FCPR\" \/>\n\t<meta name=\"twitter:label2\" content=\"Est. reading time\" \/>\n\t<meta name=\"twitter:data2\" content=\"2 minutes\" \/>\n<script type=\"application\/ld+json\" class=\"yoast-schema-graph\">{\"@context\":\"https:\\\/\\\/schema.org\",\"@graph\":[{\"@type\":\"Article\",\"@id\":\"https:\\\/\\\/www.fcpr.org\\\/visitascomunitarias\\\/#article\",\"isPartOf\":{\"@id\":\"https:\\\/\\\/www.fcpr.org\\\/visitascomunitarias\\\/\"},\"author\":{\"name\":\"FCPR\",\"@id\":\"https:\\\/\\\/www.fcpr.org\\\/#\\\/schema\\\/person\\\/8231c5ec4d08352e6a4ce3702e35f3c3\"},\"headline\":\"Escuchando, aprendiendo y fortaleciendo alianzas\",\"datePublished\":\"2026-09-01T16:19:28+00:00\",\"dateModified\":\"2026-09-01T16:19:30+00:00\",\"mainEntityOfPage\":{\"@id\":\"https:\\\/\\\/www.fcpr.org\\\/visitascomunitarias\\\/\"},\"wordCount\":274,\"publisher\":{\"@id\":\"https:\\\/\\\/www.fcpr.org\\\/#organization\"},\"image\":{\"@id\":\"https:\\\/\\\/www.fcpr.org\\\/visitascomunitarias\\\/#primaryimage\"},\"thumbnailUrl\":\"https:\\\/\\\/www.fcpr.org\\\/wp-content\\\/uploads\\\/2026\\\/09\\\/graduacion-8.png\",\"keywords\":[\"Colaboracion\",\"Comunidades\",\"TercerSector\"],\"articleSection\":[\"Comunicado\",\"Convocatorias\",\"Noticias Portada\"],\"inLanguage\":\"en-US\"},{\"@type\":\"WebPage\",\"@id\":\"https:\\\/\\\/www.fcpr.org\\\/visitascomunitarias\\\/\",\"url\":\"https:\\\/\\\/www.fcpr.org\\\/visitascomunitarias\\\/\",\"name\":\"Escuchando, aprendiendo y fortaleciendo alianzas - Fundaci\u00f3n Comunitaria de Puerto Rico\",\"isPartOf\":{\"@id\":\"https:\\\/\\\/www.fcpr.org\\\/#website\"},\"primaryImageOfPage\":{\"@id\":\"https:\\\/\\\/www.fcpr.org\\\/visitascomunitarias\\\/#primaryimage\"},\"image\":{\"@id\":\"https:\\\/\\\/www.fcpr.org\\\/visitascomunitarias\\\/#primaryimage\"},\"thumbnailUrl\":\"https:\\\/\\\/www.fcpr.org\\\/wp-content\\\/uploads\\\/2026\\\/09\\\/graduacion-8.png\",\"datePublished\":\"2026-09-01T16:19:28+00:00\",\"dateModified\":\"2026-09-01T16:19:30+00:00\",\"breadcrumb\":{\"@id\":\"https:\\\/\\\/www.fcpr.org\\\/visitascomunitarias\\\/#breadcrumb\"},\"inLanguage\":\"en-US\",\"potentialAction\":[{\"@type\":\"ReadAction\",\"target\":[\"https:\\\/\\\/www.fcpr.org\\\/visitascomunitarias\\\/\"]}]},{\"@type\":\"ImageObject\",\"inLanguage\":\"en-US\",\"@id\":\"https:\\\/\\\/www.fcpr.org\\\/visitascomunitarias\\\/#primaryimage\",\"url\":\"https:\\\/\\\/www.fcpr.org\\\/wp-content\\\/uploads\\\/2026\\\/09\\\/graduacion-8.png\",\"contentUrl\":\"https:\\\/\\\/www.fcpr.org\\\/wp-content\\\/uploads\\\/2026\\\/09\\\/graduacion-8.png\",\"width\":1200,\"height\":600},{\"@type\":\"BreadcrumbList\",\"@id\":\"https:\\\/\\\/www.fcpr.org\\\/visitascomunitarias\\\/#breadcrumb\",\"itemListElement\":[{\"@type\":\"ListItem\",\"position\":1,\"name\":\"Home\",\"item\":\"https:\\\/\\\/www.fcpr.org\\\/\"},{\"@type\":\"ListItem\",\"position\":2,\"name\":\"Escuchando, aprendiendo y fortaleciendo alianzas\"}]},{\"@type\":\"WebSite\",\"@id\":\"https:\\\/\\\/www.fcpr.org\\\/#website\",\"url\":\"https:\\\/\\\/www.fcpr.org\\\/\",\"name\":\"Fundaci\u00f3n Comunitaria de Puerto Rico\",\"description\":\"Fortaleciendo el Capital Comunitario\",\"publisher\":{\"@id\":\"https:\\\/\\\/www.fcpr.org\\\/#organization\"},\"potentialAction\":[{\"@type\":\"SearchAction\",\"target\":{\"@type\":\"EntryPoint\",\"urlTemplate\":\"https:\\\/\\\/www.fcpr.org\\\/?s={search_term_string}\"},\"query-input\":{\"@type\":\"PropertyValueSpecification\",\"valueRequired\":true,\"valueName\":\"search_term_string\"}}],\"inLanguage\":\"en-US\"},{\"@type\":\"Organization\",\"@id\":\"https:\\\/\\\/www.fcpr.org\\\/#organization\",\"name\":\"Fundaci\u00f3n Comunitaria de Puerto Rico\",\"url\":\"https:\\\/\\\/www.fcpr.org\\\/\",\"logo\":{\"@type\":\"ImageObject\",\"inLanguage\":\"en-US\",\"@id\":\"https:\\\/\\\/www.fcpr.org\\\/#\\\/schema\\\/logo\\\/image\\\/\",\"url\":\"https:\\\/\\\/www.fcpr.org\\\/wp-content\\\/uploads\\\/2016\\\/08\\\/logo-corp-red.png\",\"contentUrl\":\"https:\\\/\\\/www.fcpr.org\\\/wp-content\\\/uploads\\\/2016\\\/08\\\/logo-corp-red.png\",\"width\":221,\"height\":32,\"caption\":\"Fundaci\u00f3n Comunitaria de Puerto Rico\"},\"image\":{\"@id\":\"https:\\\/\\\/www.fcpr.org\\\/#\\\/schema\\\/logo\\\/image\\\/\"},\"sameAs\":[\"https:\\\/\\\/www.facebook.com\\\/FundacionComunitaria\",\"https:\\\/\\\/x.com\\\/FComunitaria\",\"https:\\\/\\\/www.instagram.com\\\/fundacioncomunitaria\\\/\",\"https:\\\/\\\/www.youtube.com\\\/channel\\\/UCGGW21eIGw6NRin0BrylmWg\"]},{\"@type\":\"Person\",\"@id\":\"https:\\\/\\\/www.fcpr.org\\\/#\\\/schema\\\/person\\\/8231c5ec4d08352e6a4ce3702e35f3c3\",\"name\":\"FCPR\",\"image\":{\"@type\":\"ImageObject\",\"inLanguage\":\"en-US\",\"@id\":\"https:\\\/\\\/secure.gravatar.com\\\/avatar\\\/fe4949f530883214bb05bea93cfcc96c4a6905a6c377112f07f806bafc3a2e5d?s=96&d=blank&r=g\",\"url\":\"https:\\\/\\\/secure.gravatar.com\\\/avatar\\\/fe4949f530883214bb05bea93cfcc96c4a6905a6c377112f07f806bafc3a2e5d?s=96&d=blank&r=g\",\"contentUrl\":\"https:\\\/\\\/secure.gravatar.com\\\/avatar\\\/fe4949f530883214bb05bea93cfcc96c4a6905a6c377112f07f806bafc3a2e5d?s=96&d=blank&r=g\",\"caption\":\"FCPR\"},\"url\":\"https:\\\/\\\/www.fcpr.org\\\/en\\\/author\\\/perla\\\/\"}]}<\/script>\n<!-- \/ Yoast SEO Premium plugin. -->","yoast_head_json":{"title":"Escuchando, aprendiendo y fortaleciendo alianzas - Fundaci\u00f3n Comunitaria de Puerto Rico","robots":{"index":"index","follow":"follow","max-snippet":"max-snippet:-1","max-image-preview":"max-image-preview:large","max-video-preview":"max-video-preview:-1"},"canonical":"https:\/\/www.fcpr.org\/en\/visitascomunitarias\/","og_locale":"en_US","og_type":"article","og_title":"Escuchando, aprendiendo y fortaleciendo alianzas","og_description":"Durante las pasadas semanas, la presidenta de la Fundaci\u00f3n Comunitaria de Puerto Rico, la Lcda. Vivian I. Neptune Rivera, ha recorrido diversas comunidades y organizaciones sin fines de lucro que forman parte del ecosistema de entidades apoyadas por la Fundaci\u00f3n. M\u00e1s que visitas protocolares, estos encuentros han permitido conocer de primera mano los proyectos que [&hellip;]","og_url":"https:\/\/www.fcpr.org\/en\/visitascomunitarias\/","og_site_name":"Fundaci\u00f3n Comunitaria de Puerto Rico","article_publisher":"https:\/\/www.facebook.com\/FundacionComunitaria","article_published_time":"2026-09-01T16:19:28+00:00","article_modified_time":"2026-09-01T16:19:30+00:00","og_image":[{"width":1200,"height":600,"url":"https:\/\/www.fcpr.org\/wp-content\/uploads\/2026\/09\/graduacion-8.png","type":"image\/png"}],"author":"FCPR","twitter_card":"summary_large_image","twitter_creator":"@FComunitaria","twitter_site":"@FComunitaria","twitter_misc":{"Written by":"FCPR","Est. reading time":"2 minutes"},"schema":{"@context":"https:\/\/schema.org","@graph":[{"@type":"Article","@id":"https:\/\/www.fcpr.org\/visitascomunitarias\/#article","isPartOf":{"@id":"https:\/\/www.fcpr.org\/visitascomunitarias\/"},"author":{"name":"FCPR","@id":"https:\/\/www.fcpr.org\/#\/schema\/person\/8231c5ec4d08352e6a4ce3702e35f3c3"},"headline":"Escuchando, aprendiendo y fortaleciendo alianzas","datePublished":"2026-09-01T16:19:28+00:00","dateModified":"2026-09-01T16:19:30+00:00","mainEntityOfPage":{"@id":"https:\/\/www.fcpr.org\/visitascomunitarias\/"},"wordCount":274,"publisher":{"@id":"https:\/\/www.fcpr.org\/#organization"},"image":{"@id":"https:\/\/www.fcpr.org\/visitascomunitarias\/#primaryimage"},"thumbnailUrl":"https:\/\/www.fcpr.org\/wp-content\/uploads\/2026\/09\/graduacion-8.png","keywords":["Colaboracion","Comunidades","TercerSector"],"articleSection":["Comunicado","Convocatorias","Noticias Portada"],"inLanguage":"en-US"},{"@type":"WebPage","@id":"https:\/\/www.fcpr.org\/visitascomunitarias\/","url":"https:\/\/www.fcpr.org\/visitascomunitarias\/","name":"Escuchando, aprendiendo y fortaleciendo alianzas - Fundaci\u00f3n Comunitaria de Puerto Rico","isPartOf":{"@id":"https:\/\/www.fcpr.org\/#website"},"primaryImageOfPage":{"@id":"https:\/\/www.fcpr.org\/visitascomunitarias\/#primaryimage"},"image":{"@id":"https:\/\/www.fcpr.org\/visitascomunitarias\/#primaryimage"},"thumbnailUrl":"https:\/\/www.fcpr.org\/wp-content\/uploads\/2026\/09\/graduacion-8.png","datePublished":"2026-09-01T16:19:28+00:00","dateModified":"2026-09-01T16:19:30+00:00","breadcrumb":{"@id":"https:\/\/www.fcpr.org\/visitascomunitarias\/#breadcrumb"},"inLanguage":"en-US","potentialAction":[{"@type":"ReadAction","target":["https:\/\/www.fcpr.org\/visitascomunitarias\/"]}]},{"@type":"ImageObject","inLanguage":"en-US","@id":"https:\/\/www.fcpr.org\/visitascomunitarias\/#primaryimage","url":"https:\/\/www.fcpr.org\/wp-content\/uploads\/2026\/09\/graduacion-8.png","contentUrl":"https:\/\/www.fcpr.org\/wp-content\/uploads\/2026\/09\/graduacion-8.png","width":1200,"height":600},{"@type":"BreadcrumbList","@id":"https:\/\/www.fcpr.org\/visitascomunitarias\/#breadcrumb","itemListElement":[{"@type":"ListItem","position":1,"name":"Home","item":"https:\/\/www.fcpr.org\/"},{"@type":"ListItem","position":2,"name":"Escuchando, aprendiendo y fortaleciendo alianzas"}]},{"@type":"WebSite","@id":"https:\/\/www.fcpr.org\/#website","url":"https:\/\/www.fcpr.org\/","name":"Puerto Rico Community Foundation","description":"Strengthening Community Capital","publisher":{"@id":"https:\/\/www.fcpr.org\/#organization"},"potentialAction":[{"@type":"SearchAction","target":{"@type":"EntryPoint","urlTemplate":"https:\/\/www.fcpr.org\/?s={search_term_string}"},"query-input":{"@type":"PropertyValueSpecification","valueRequired":true,"valueName":"search_term_string"}}],"inLanguage":"en-US"},{"@type":"Organization","@id":"https:\/\/www.fcpr.org\/#organization","name":"Puerto Rico Community Foundation","url":"https:\/\/www.fcpr.org\/","logo":{"@type":"ImageObject","inLanguage":"en-US","@id":"https:\/\/www.fcpr.org\/#\/schema\/logo\/image\/","url":"https:\/\/www.fcpr.org\/wp-content\/uploads\/2016\/08\/logo-corp-red.png","contentUrl":"https:\/\/www.fcpr.org\/wp-content\/uploads\/2016\/08\/logo-corp-red.png","width":221,"height":32,"caption":"Fundaci\u00f3n Comunitaria de Puerto Rico"},"image":{"@id":"https:\/\/www.fcpr.org\/#\/schema\/logo\/image\/"},"sameAs":["https:\/\/www.facebook.com\/FundacionComunitaria","https:\/\/x.com\/FComunitaria","https:\/\/www.instagram.com\/fundacioncomunitaria\/","https:\/\/www.youtube.com\/channel\/UCGGW21eIGw6NRin0BrylmWg"]},{"@type":"Person","@id":"https:\/\/www.fcpr.org\/#\/schema\/person\/8231c5ec4d08352e6a4ce3702e35f3c3","name":"FCPR","image":{"@type":"ImageObject","inLanguage":"en-US","@id":"https:\/\/secure.gravatar.com\/avatar\/fe4949f530883214bb05bea93cfcc96c4a6905a6c377112f07f806bafc3a2e5d?s=96&d=blank&r=g","url":"https:\/\/secure.gravatar.com\/avatar\/fe4949f530883214bb05bea93cfcc96c4a6905a6c377112f07f806bafc3a2e5d?s=96&d=blank&r=g","contentUrl":"https:\/\/secure.gravatar.com\/avatar\/fe4949f530883214bb05bea93cfcc96c4a6905a6c377112f07f806bafc3a2e5d?s=96&d=blank&r=g","caption":"FCPR"},"url":"https:\/\/www.fcpr.org\/en\/author\/perla\/"}]}},"_links":{"self":[{"href":"https:\/\/www.fcpr.org\/en\/wp-json\/wp\/v2\/posts\/19159","targetHints":{"allow":["GET"]}}],"collection":[{"href":"https:\/\/www.fcpr.org\/en\/wp-json\/wp\/v2\/posts"}],"about":[{"href":"https:\/\/www.fcpr.org\/en\/wp-json\/wp\/v2\/types\/post"}],"author":[{"embeddable":true,"href":"https:\/\/www.fcpr.org\/en\/wp-json\/wp\/v2\/users\/4"}],"replies":[{"embeddable":true,"href":"https:\/\/www.fcpr.org\/en\/wp-json\/wp\/v2\/comments?post=19159"}],"version-history":[{"count":1,"href":"https:\/\/www.fcpr.org\/en\/wp-json\/wp\/v2\/posts\/19159\/revisions"}],"predecessor-version":[{"id":19162,"href":"https:\/\/www.fcpr.org\/en\/wp-json\/wp\/v2\/posts\/19159\/revisions\/19162"}],"wp:featuredmedia":[{"embeddable":true,"href":"https:\/\/www.fcpr.org\/en\/wp-json\/wp\/v2\/media\/19161"}],"wp:attachment":[{"href":"https:\/\/www.fcpr.org\/en\/wp-json\/wp\/v2\/media?parent=19159"}],"wp:term":[{"taxonomy":"category","embeddable":true,"href":"https:\/\/www.fcpr.org\/en\/wp-json\/wp\/v2\/categories?post=19159"},{"taxonomy":"post_tag","embeddable":true,"href":"https:\/\/www.fcpr.org\/en\/wp-json\/wp\/v2\/tags?post=19159"}],"curies":[{"name":"wp","href":"https:\/\/api.w.org\/{rel}","templated":true}]}}