{"id":4538,"date":"2018-08-24T15:25:10","date_gmt":"2018-08-24T15:25:10","guid":{"rendered":"https:\/\/fcpr.org\/?p=4538"},"modified":"2018-08-24T15:25:10","modified_gmt":"2018-08-24T15:25:10","slug":"desarrollo-economico","status":"publish","type":"post","link":"https:\/\/www.fcpr.org\/en\/desarrollo-economico\/","title":{"rendered":"Economic Development"},"content":{"rendered":"<h6><strong>Equidad en el acceso: Desarrollo econ\u00f3mico comunitario <\/strong><\/h6>\n<p>El desarrollo econ\u00f3mico comunitario tambi\u00e9n ha sido uno de nuestros enfoques a lo largo de nuestra historia. Una de nuestras metas para este a\u00f1o es el lanzamiento del programa de incentivos a incubadoras comunitarias para apoyarlas en su camino a la auto-sustentabilidad. La convocatoria se lanz\u00f3 en junio.<\/p>\n<p><img loading=\"lazy\" decoding=\"async\" class=\"size-medium wp-image-4540 alignright\" src=\"https:\/\/fcpr.org\/wp-content\/uploads\/2018\/08\/22-300x225.jpg\" alt=\"\" width=\"300\" height=\"225\" srcset=\"https:\/\/www.fcpr.org\/wp-content\/uploads\/2018\/08\/22-300x225.jpg 300w, https:\/\/www.fcpr.org\/wp-content\/uploads\/2018\/08\/22-768x576.jpg 768w, https:\/\/www.fcpr.org\/wp-content\/uploads\/2018\/08\/22-1024x768.jpg 1024w, https:\/\/www.fcpr.org\/wp-content\/uploads\/2018\/08\/22-800x600.jpg 800w, https:\/\/www.fcpr.org\/wp-content\/uploads\/2018\/08\/22.jpg 1600w\" sizes=\"auto, (max-width: 300px) 100vw, 300px\" \/><\/p>\n<p><img loading=\"lazy\" decoding=\"async\" class=\"size-medium wp-image-4539 alignleft\" src=\"https:\/\/fcpr.org\/wp-content\/uploads\/2018\/08\/11-300x225.jpg\" alt=\"\" width=\"300\" height=\"225\" srcset=\"https:\/\/www.fcpr.org\/wp-content\/uploads\/2018\/08\/11-300x225.jpg 300w, https:\/\/www.fcpr.org\/wp-content\/uploads\/2018\/08\/11-768x576.jpg 768w, https:\/\/www.fcpr.org\/wp-content\/uploads\/2018\/08\/11-1024x768.jpg 1024w, https:\/\/www.fcpr.org\/wp-content\/uploads\/2018\/08\/11-800x600.jpg 800w, https:\/\/www.fcpr.org\/wp-content\/uploads\/2018\/08\/11.jpg 1600w\" sizes=\"auto, (max-width: 300px) 100vw, 300px\" \/><\/p>\n<p>El insumo del programa se obtuvo luego de un encuentro con 11 de estas entidades en el que conocimos sus necesidades.<\/p>\n<p>Tambi\u00e9n ofrecimos apoyo t\u00e9cnico a cuatro empresas comunitarias y otorgamos financiamiento a organizaciones sin fines de lucro.<\/p>\n<p>&nbsp;<\/p>","protected":false},"excerpt":{"rendered":"<p>Equidad en el acceso: Desarrollo econ\u00f3mico comunitario El desarrollo econ\u00f3mico comunitario tambi\u00e9n ha sido uno de nuestros enfoques a lo largo de nuestra historia. Una de nuestras metas para este a\u00f1o es el lanzamiento del programa de incentivos a incubadoras comunitarias para apoyarlas en su camino a la auto-sustentabilidad. La convocatoria se lanz\u00f3 en junio. [&hellip;]<\/p>\n","protected":false},"author":1,"featured_media":0,"comment_status":"open","ping_status":"open","sticky":false,"template":"","format":"standard","meta":{"give_campaign_id":0,"footnotes":""},"categories":[1],"tags":[],"class_list":["post-4538","post","type-post","status-publish","format-standard","hentry","category-uncategorized"],"yoast_head":"<!-- This site is optimized with the Yoast SEO Premium plugin v27.5 (Yoast SEO v27.5) - https:\/\/yoast.com\/product\/yoast-seo-premium-wordpress\/ -->\n<title>Desarrollo Econ\u00f3mico - Fundaci\u00f3n Comunitaria de Puerto Rico<\/title>\n<meta name=\"robots\" content=\"index, follow, max-snippet:-1, max-image-preview:large, max-video-preview:-1\" \/>\n<link rel=\"canonical\" href=\"https:\/\/www.fcpr.org\/en\/desarrollo-economico\/\" \/>\n<meta property=\"og:locale\" content=\"en_US\" \/>\n<meta property=\"og:type\" content=\"article\" \/>\n<meta property=\"og:title\" content=\"Desarrollo Econ\u00f3mico\" \/>\n<meta property=\"og:description\" content=\"Equidad en el acceso: Desarrollo econ\u00f3mico comunitario El desarrollo econ\u00f3mico comunitario tambi\u00e9n ha sido uno de nuestros enfoques a lo largo de nuestra historia. Una de nuestras metas para este a\u00f1o es el lanzamiento del programa de incentivos a incubadoras comunitarias para apoyarlas en su camino a la auto-sustentabilidad. La convocatoria se lanz\u00f3 en junio. [&hellip;]\" \/>\n<meta property=\"og:url\" content=\"https:\/\/www.fcpr.org\/en\/desarrollo-economico\/\" \/>\n<meta property=\"og:site_name\" content=\"Fundaci\u00f3n Comunitaria de Puerto Rico\" \/>\n<meta property=\"article:publisher\" content=\"https:\/\/www.facebook.com\/FundacionComunitaria\" \/>\n<meta property=\"article:published_time\" content=\"2018-08-24T15:25:10+00:00\" \/>\n<meta property=\"og:image\" content=\"https:\/\/fcpr.org\/wp-content\/uploads\/2018\/08\/22-300x225.jpg\" \/>\n<meta name=\"author\" content=\"fundacionadmin\" \/>\n<meta name=\"twitter:card\" content=\"summary_large_image\" \/>\n<meta name=\"twitter:creator\" content=\"@FComunitaria\" \/>\n<meta name=\"twitter:site\" content=\"@FComunitaria\" \/>\n<meta name=\"twitter:label1\" content=\"Written by\" \/>\n\t<meta name=\"twitter:data1\" content=\"fundacionadmin\" \/>\n<script type=\"application\/ld+json\" class=\"yoast-schema-graph\">{\"@context\":\"https:\\\/\\\/schema.org\",\"@graph\":[{\"@type\":\"Article\",\"@id\":\"https:\\\/\\\/www.fcpr.org\\\/desarrollo-economico\\\/#article\",\"isPartOf\":{\"@id\":\"https:\\\/\\\/www.fcpr.org\\\/desarrollo-economico\\\/\"},\"author\":{\"name\":\"fundacionadmin\",\"@id\":\"https:\\\/\\\/www.fcpr.org\\\/#\\\/schema\\\/person\\\/e75048da6e753f37bb3dc9381f83da7e\"},\"headline\":\"Desarrollo Econ\u00f3mico\",\"datePublished\":\"2018-08-24T15:25:10+00:00\",\"mainEntityOfPage\":{\"@id\":\"https:\\\/\\\/www.fcpr.org\\\/desarrollo-economico\\\/\"},\"wordCount\":102,\"commentCount\":0,\"publisher\":{\"@id\":\"https:\\\/\\\/www.fcpr.org\\\/#organization\"},\"image\":{\"@id\":\"https:\\\/\\\/www.fcpr.org\\\/desarrollo-economico\\\/#primaryimage\"},\"thumbnailUrl\":\"https:\\\/\\\/fcpr.org\\\/wp-content\\\/uploads\\\/2018\\\/08\\\/22-300x225.jpg\",\"inLanguage\":\"en-US\",\"potentialAction\":[{\"@type\":\"CommentAction\",\"name\":\"Comment\",\"target\":[\"https:\\\/\\\/www.fcpr.org\\\/desarrollo-economico\\\/#respond\"]}]},{\"@type\":\"WebPage\",\"@id\":\"https:\\\/\\\/www.fcpr.org\\\/desarrollo-economico\\\/\",\"url\":\"https:\\\/\\\/www.fcpr.org\\\/desarrollo-economico\\\/\",\"name\":\"Desarrollo Econ\u00f3mico - Fundaci\u00f3n Comunitaria de Puerto Rico\",\"isPartOf\":{\"@id\":\"https:\\\/\\\/www.fcpr.org\\\/#website\"},\"primaryImageOfPage\":{\"@id\":\"https:\\\/\\\/www.fcpr.org\\\/desarrollo-economico\\\/#primaryimage\"},\"image\":{\"@id\":\"https:\\\/\\\/www.fcpr.org\\\/desarrollo-economico\\\/#primaryimage\"},\"thumbnailUrl\":\"https:\\\/\\\/fcpr.org\\\/wp-content\\\/uploads\\\/2018\\\/08\\\/22-300x225.jpg\",\"datePublished\":\"2018-08-24T15:25:10+00:00\",\"breadcrumb\":{\"@id\":\"https:\\\/\\\/www.fcpr.org\\\/desarrollo-economico\\\/#breadcrumb\"},\"inLanguage\":\"en-US\",\"potentialAction\":[{\"@type\":\"ReadAction\",\"target\":[\"https:\\\/\\\/www.fcpr.org\\\/desarrollo-economico\\\/\"]}]},{\"@type\":\"ImageObject\",\"inLanguage\":\"en-US\",\"@id\":\"https:\\\/\\\/www.fcpr.org\\\/desarrollo-economico\\\/#primaryimage\",\"url\":\"https:\\\/\\\/fcpr.org\\\/wp-content\\\/uploads\\\/2018\\\/08\\\/22-300x225.jpg\",\"contentUrl\":\"https:\\\/\\\/fcpr.org\\\/wp-content\\\/uploads\\\/2018\\\/08\\\/22-300x225.jpg\"},{\"@type\":\"BreadcrumbList\",\"@id\":\"https:\\\/\\\/www.fcpr.org\\\/desarrollo-economico\\\/#breadcrumb\",\"itemListElement\":[{\"@type\":\"ListItem\",\"position\":1,\"name\":\"Home\",\"item\":\"https:\\\/\\\/www.fcpr.org\\\/\"},{\"@type\":\"ListItem\",\"position\":2,\"name\":\"Desarrollo Econ\u00f3mico\"}]},{\"@type\":\"WebSite\",\"@id\":\"https:\\\/\\\/www.fcpr.org\\\/#website\",\"url\":\"https:\\\/\\\/www.fcpr.org\\\/\",\"name\":\"Fundaci\u00f3n Comunitaria de Puerto Rico\",\"description\":\"Fortaleciendo el Capital Comunitario\",\"publisher\":{\"@id\":\"https:\\\/\\\/www.fcpr.org\\\/#organization\"},\"potentialAction\":[{\"@type\":\"SearchAction\",\"target\":{\"@type\":\"EntryPoint\",\"urlTemplate\":\"https:\\\/\\\/www.fcpr.org\\\/?s={search_term_string}\"},\"query-input\":{\"@type\":\"PropertyValueSpecification\",\"valueRequired\":true,\"valueName\":\"search_term_string\"}}],\"inLanguage\":\"en-US\"},{\"@type\":\"Organization\",\"@id\":\"https:\\\/\\\/www.fcpr.org\\\/#organization\",\"name\":\"Fundaci\u00f3n Comunitaria de Puerto Rico\",\"url\":\"https:\\\/\\\/www.fcpr.org\\\/\",\"logo\":{\"@type\":\"ImageObject\",\"inLanguage\":\"en-US\",\"@id\":\"https:\\\/\\\/www.fcpr.org\\\/#\\\/schema\\\/logo\\\/image\\\/\",\"url\":\"https:\\\/\\\/www.fcpr.org\\\/wp-content\\\/uploads\\\/2016\\\/08\\\/logo-corp-red.png\",\"contentUrl\":\"https:\\\/\\\/www.fcpr.org\\\/wp-content\\\/uploads\\\/2016\\\/08\\\/logo-corp-red.png\",\"width\":221,\"height\":32,\"caption\":\"Fundaci\u00f3n Comunitaria de Puerto Rico\"},\"image\":{\"@id\":\"https:\\\/\\\/www.fcpr.org\\\/#\\\/schema\\\/logo\\\/image\\\/\"},\"sameAs\":[\"https:\\\/\\\/www.facebook.com\\\/FundacionComunitaria\",\"https:\\\/\\\/x.com\\\/FComunitaria\",\"https:\\\/\\\/www.instagram.com\\\/fundacioncomunitaria\\\/\",\"https:\\\/\\\/www.youtube.com\\\/channel\\\/UCGGW21eIGw6NRin0BrylmWg\"]},{\"@type\":\"Person\",\"@id\":\"https:\\\/\\\/www.fcpr.org\\\/#\\\/schema\\\/person\\\/e75048da6e753f37bb3dc9381f83da7e\",\"name\":\"fundacionadmin\",\"image\":{\"@type\":\"ImageObject\",\"inLanguage\":\"en-US\",\"@id\":\"https:\\\/\\\/secure.gravatar.com\\\/avatar\\\/0dfee651572908f89da369d18845613d495efd85f5316893e139ed08d26c8e53?s=96&d=blank&r=g\",\"url\":\"https:\\\/\\\/secure.gravatar.com\\\/avatar\\\/0dfee651572908f89da369d18845613d495efd85f5316893e139ed08d26c8e53?s=96&d=blank&r=g\",\"contentUrl\":\"https:\\\/\\\/secure.gravatar.com\\\/avatar\\\/0dfee651572908f89da369d18845613d495efd85f5316893e139ed08d26c8e53?s=96&d=blank&r=g\",\"caption\":\"fundacionadmin\"},\"sameAs\":[\"https:\\\/\\\/fcpr.org\"],\"url\":\"https:\\\/\\\/www.fcpr.org\\\/en\\\/author\\\/fundacionadmin\\\/\"}]}<\/script>\n<!-- \/ Yoast SEO Premium plugin. -->","yoast_head_json":{"title":"Desarrollo Econ\u00f3mico - Fundaci\u00f3n Comunitaria de Puerto Rico","robots":{"index":"index","follow":"follow","max-snippet":"max-snippet:-1","max-image-preview":"max-image-preview:large","max-video-preview":"max-video-preview:-1"},"canonical":"https:\/\/www.fcpr.org\/en\/desarrollo-economico\/","og_locale":"en_US","og_type":"article","og_title":"Desarrollo Econ\u00f3mico","og_description":"Equidad en el acceso: Desarrollo econ\u00f3mico comunitario El desarrollo econ\u00f3mico comunitario tambi\u00e9n ha sido uno de nuestros enfoques a lo largo de nuestra historia. Una de nuestras metas para este a\u00f1o es el lanzamiento del programa de incentivos a incubadoras comunitarias para apoyarlas en su camino a la auto-sustentabilidad. La convocatoria se lanz\u00f3 en junio. [&hellip;]","og_url":"https:\/\/www.fcpr.org\/en\/desarrollo-economico\/","og_site_name":"Fundaci\u00f3n Comunitaria de Puerto Rico","article_publisher":"https:\/\/www.facebook.com\/FundacionComunitaria","article_published_time":"2018-08-24T15:25:10+00:00","og_image":[{"url":"https:\/\/fcpr.org\/wp-content\/uploads\/2018\/08\/22-300x225.jpg","type":"","width":"","height":""}],"author":"fundacionadmin","twitter_card":"summary_large_image","twitter_creator":"@FComunitaria","twitter_site":"@FComunitaria","twitter_misc":{"Written by":"fundacionadmin"},"schema":{"@context":"https:\/\/schema.org","@graph":[{"@type":"Article","@id":"https:\/\/www.fcpr.org\/desarrollo-economico\/#article","isPartOf":{"@id":"https:\/\/www.fcpr.org\/desarrollo-economico\/"},"author":{"name":"fundacionadmin","@id":"https:\/\/www.fcpr.org\/#\/schema\/person\/e75048da6e753f37bb3dc9381f83da7e"},"headline":"Desarrollo Econ\u00f3mico","datePublished":"2018-08-24T15:25:10+00:00","mainEntityOfPage":{"@id":"https:\/\/www.fcpr.org\/desarrollo-economico\/"},"wordCount":102,"commentCount":0,"publisher":{"@id":"https:\/\/www.fcpr.org\/#organization"},"image":{"@id":"https:\/\/www.fcpr.org\/desarrollo-economico\/#primaryimage"},"thumbnailUrl":"https:\/\/fcpr.org\/wp-content\/uploads\/2018\/08\/22-300x225.jpg","inLanguage":"en-US","potentialAction":[{"@type":"CommentAction","name":"Comment","target":["https:\/\/www.fcpr.org\/desarrollo-economico\/#respond"]}]},{"@type":"WebPage","@id":"https:\/\/www.fcpr.org\/desarrollo-economico\/","url":"https:\/\/www.fcpr.org\/desarrollo-economico\/","name":"Desarrollo Econ\u00f3mico - Fundaci\u00f3n Comunitaria de Puerto Rico","isPartOf":{"@id":"https:\/\/www.fcpr.org\/#website"},"primaryImageOfPage":{"@id":"https:\/\/www.fcpr.org\/desarrollo-economico\/#primaryimage"},"image":{"@id":"https:\/\/www.fcpr.org\/desarrollo-economico\/#primaryimage"},"thumbnailUrl":"https:\/\/fcpr.org\/wp-content\/uploads\/2018\/08\/22-300x225.jpg","datePublished":"2018-08-24T15:25:10+00:00","breadcrumb":{"@id":"https:\/\/www.fcpr.org\/desarrollo-economico\/#breadcrumb"},"inLanguage":"en-US","potentialAction":[{"@type":"ReadAction","target":["https:\/\/www.fcpr.org\/desarrollo-economico\/"]}]},{"@type":"ImageObject","inLanguage":"en-US","@id":"https:\/\/www.fcpr.org\/desarrollo-economico\/#primaryimage","url":"https:\/\/fcpr.org\/wp-content\/uploads\/2018\/08\/22-300x225.jpg","contentUrl":"https:\/\/fcpr.org\/wp-content\/uploads\/2018\/08\/22-300x225.jpg"},{"@type":"BreadcrumbList","@id":"https:\/\/www.fcpr.org\/desarrollo-economico\/#breadcrumb","itemListElement":[{"@type":"ListItem","position":1,"name":"Home","item":"https:\/\/www.fcpr.org\/"},{"@type":"ListItem","position":2,"name":"Desarrollo Econ\u00f3mico"}]},{"@type":"WebSite","@id":"https:\/\/www.fcpr.org\/#website","url":"https:\/\/www.fcpr.org\/","name":"Puerto Rico Community Foundation","description":"Strengthening Community Capital","publisher":{"@id":"https:\/\/www.fcpr.org\/#organization"},"potentialAction":[{"@type":"SearchAction","target":{"@type":"EntryPoint","urlTemplate":"https:\/\/www.fcpr.org\/?s={search_term_string}"},"query-input":{"@type":"PropertyValueSpecification","valueRequired":true,"valueName":"search_term_string"}}],"inLanguage":"en-US"},{"@type":"Organization","@id":"https:\/\/www.fcpr.org\/#organization","name":"Puerto Rico Community Foundation","url":"https:\/\/www.fcpr.org\/","logo":{"@type":"ImageObject","inLanguage":"en-US","@id":"https:\/\/www.fcpr.org\/#\/schema\/logo\/image\/","url":"https:\/\/www.fcpr.org\/wp-content\/uploads\/2016\/08\/logo-corp-red.png","contentUrl":"https:\/\/www.fcpr.org\/wp-content\/uploads\/2016\/08\/logo-corp-red.png","width":221,"height":32,"caption":"Fundaci\u00f3n Comunitaria de Puerto Rico"},"image":{"@id":"https:\/\/www.fcpr.org\/#\/schema\/logo\/image\/"},"sameAs":["https:\/\/www.facebook.com\/FundacionComunitaria","https:\/\/x.com\/FComunitaria","https:\/\/www.instagram.com\/fundacioncomunitaria\/","https:\/\/www.youtube.com\/channel\/UCGGW21eIGw6NRin0BrylmWg"]},{"@type":"Person","@id":"https:\/\/www.fcpr.org\/#\/schema\/person\/e75048da6e753f37bb3dc9381f83da7e","name":"fundacionadmin","image":{"@type":"ImageObject","inLanguage":"en-US","@id":"https:\/\/secure.gravatar.com\/avatar\/0dfee651572908f89da369d18845613d495efd85f5316893e139ed08d26c8e53?s=96&d=blank&r=g","url":"https:\/\/secure.gravatar.com\/avatar\/0dfee651572908f89da369d18845613d495efd85f5316893e139ed08d26c8e53?s=96&d=blank&r=g","contentUrl":"https:\/\/secure.gravatar.com\/avatar\/0dfee651572908f89da369d18845613d495efd85f5316893e139ed08d26c8e53?s=96&d=blank&r=g","caption":"fundacionadmin"},"sameAs":["https:\/\/fcpr.org"],"url":"https:\/\/www.fcpr.org\/en\/author\/fundacionadmin\/"}]}},"_links":{"self":[{"href":"https:\/\/www.fcpr.org\/en\/wp-json\/wp\/v2\/posts\/4538","targetHints":{"allow":["GET"]}}],"collection":[{"href":"https:\/\/www.fcpr.org\/en\/wp-json\/wp\/v2\/posts"}],"about":[{"href":"https:\/\/www.fcpr.org\/en\/wp-json\/wp\/v2\/types\/post"}],"author":[{"embeddable":true,"href":"https:\/\/www.fcpr.org\/en\/wp-json\/wp\/v2\/users\/1"}],"replies":[{"embeddable":true,"href":"https:\/\/www.fcpr.org\/en\/wp-json\/wp\/v2\/comments?post=4538"}],"version-history":[{"count":1,"href":"https:\/\/www.fcpr.org\/en\/wp-json\/wp\/v2\/posts\/4538\/revisions"}],"predecessor-version":[{"id":4541,"href":"https:\/\/www.fcpr.org\/en\/wp-json\/wp\/v2\/posts\/4538\/revisions\/4541"}],"wp:attachment":[{"href":"https:\/\/www.fcpr.org\/en\/wp-json\/wp\/v2\/media?parent=4538"}],"wp:term":[{"taxonomy":"category","embeddable":true,"href":"https:\/\/www.fcpr.org\/en\/wp-json\/wp\/v2\/categories?post=4538"},{"taxonomy":"post_tag","embeddable":true,"href":"https:\/\/www.fcpr.org\/en\/wp-json\/wp\/v2\/tags?post=4538"}],"curies":[{"name":"wp","href":"https:\/\/api.w.org\/{rel}","templated":true}]}}