{"id":4542,"date":"2018-08-24T17:58:39","date_gmt":"2018-08-24T17:58:39","guid":{"rendered":"https:\/\/fcpr.org\/?p=4542"},"modified":"2018-08-24T17:59:39","modified_gmt":"2018-08-24T17:59:39","slug":"educacion","status":"publish","type":"post","link":"https:\/\/www.fcpr.org\/en\/educacion\/","title":{"rendered":"Education"},"content":{"rendered":"<h6>Acceso equitativo: Educaci\u00f3n<\/h6>\n<p>Durante las pasadas tres d\u00e9cadas, la Fundaci\u00f3n Comunitaria de Puerto Rico ha reconocido a la educaci\u00f3n como una herramienta esencial para que cada individuo tenga acceso a las mejores oportunidades de vida. Algunos de los proyectos educativos que hemos lidereados son: Iniciativa para la Renovaci\u00f3n de la Escuela Intermedia, Vive las Artes en la Educaci\u00f3n y el Proyecto Transformaci\u00f3n Educativa 2014.<\/p>\n<figure id=\"attachment_4545\" aria-describedby=\"caption-attachment-4545\" style=\"width: 300px\" class=\"wp-caption alignright\"><img loading=\"lazy\" decoding=\"async\" class=\"wp-image-4545 size-medium\" src=\"https:\/\/fcpr.org\/wp-content\/uploads\/2018\/08\/todos-300x200.jpg\" alt=\"\" width=\"300\" height=\"200\" srcset=\"https:\/\/www.fcpr.org\/wp-content\/uploads\/2018\/08\/todos-300x200.jpg 300w, https:\/\/www.fcpr.org\/wp-content\/uploads\/2018\/08\/todos-768x512.jpg 768w, https:\/\/www.fcpr.org\/wp-content\/uploads\/2018\/08\/todos-1024x683.jpg 1024w, https:\/\/www.fcpr.org\/wp-content\/uploads\/2018\/08\/todos.jpg 1920w\" sizes=\"auto, (max-width: 300px) 100vw, 300px\" \/><figcaption id=\"caption-attachment-4545\" class=\"wp-caption-text\">Ni\u00f1os y ni\u00f1as reciben bultos con materiales escolares en la Escuela Santiago Iglesias en Barrio Obrero.<\/figcaption><\/figure>\n<p>Este enfoque se reforz\u00f3 tras el impacto de los huracanes Irma y Mar\u00eda en septiembre de 2017.\u00a0\u00a0Identificamos la educaci\u00f3n como otras de las \u00e1reas de atenci\u00f3n en la renovaci\u00f3n sostenible del pa\u00eds. Por eso, iniciamos el 2018 con un refuerzo educativo para estudiantes que sufrieron p\u00e9rdidas relacionadas con ambos fen\u00f3menos atmosf\u00e9ricos, mediante la entrega de 1,00 mochilas con materiales educativos.<\/p>\n<figure id=\"attachment_4546\" aria-describedby=\"caption-attachment-4546\" style=\"width: 300px\" class=\"wp-caption alignleft\"><img loading=\"lazy\" decoding=\"async\" class=\"wp-image-4546 size-medium\" src=\"https:\/\/fcpr.org\/wp-content\/uploads\/2018\/08\/Jonuel-J.-Valderrama-Agosto-1-300x200.jpg\" alt=\"\" width=\"300\" height=\"200\" srcset=\"https:\/\/www.fcpr.org\/wp-content\/uploads\/2018\/08\/Jonuel-J.-Valderrama-Agosto-1-300x200.jpg 300w, https:\/\/www.fcpr.org\/wp-content\/uploads\/2018\/08\/Jonuel-J.-Valderrama-Agosto-1-768x512.jpg 768w, https:\/\/www.fcpr.org\/wp-content\/uploads\/2018\/08\/Jonuel-J.-Valderrama-Agosto-1-1024x683.jpg 1024w, https:\/\/www.fcpr.org\/wp-content\/uploads\/2018\/08\/Jonuel-J.-Valderrama-Agosto-1.jpg 1800w\" sizes=\"auto, (max-width: 300px) 100vw, 300px\" \/><figcaption id=\"caption-attachment-4546\" class=\"wp-caption-text\">Jonuel Valderrama recibe donativo del Fondo de Hispanic Federation, establecido en la Fundaci\u00f3n Comunitaria de Puerto Rico.<\/figcaption><\/figure>\n<p>A mediados del a\u00f1o, el Hispanic Federation Puerto Rico Recovery and Hurricane Relief Fund, establecido en la Fundaci\u00f3n para apoyar la renovaci\u00f3n de la Isla tras el hurac\u00e1n Mar\u00eda, otorg\u00f3 $95,000 en donativos a 140 estudiantes universitarios.<\/p>\n<p>&nbsp;<\/p>\n<p>&nbsp;<\/p>\n<p>&nbsp;<\/p>","protected":false},"excerpt":{"rendered":"<p>Acceso equitativo: Educaci\u00f3n Durante las pasadas tres d\u00e9cadas, la Fundaci\u00f3n Comunitaria de Puerto Rico ha reconocido a la educaci\u00f3n como una herramienta esencial para que cada individuo tenga acceso a las mejores oportunidades de vida. Algunos de los proyectos educativos que hemos lidereados son: Iniciativa para la Renovaci\u00f3n de la Escuela Intermedia, Vive las Artes [&hellip;]<\/p>\n","protected":false},"author":1,"featured_media":0,"comment_status":"open","ping_status":"open","sticky":false,"template":"","format":"standard","meta":{"give_campaign_id":0,"footnotes":""},"categories":[1],"tags":[],"class_list":["post-4542","post","type-post","status-publish","format-standard","hentry","category-uncategorized"],"yoast_head":"<!-- This site is optimized with the Yoast SEO Premium plugin v27.5 (Yoast SEO v27.5) - https:\/\/yoast.com\/product\/yoast-seo-premium-wordpress\/ -->\n<title>Educaci\u00f3n - Fundaci\u00f3n Comunitaria de Puerto Rico<\/title>\n<meta name=\"robots\" content=\"index, follow, max-snippet:-1, max-image-preview:large, max-video-preview:-1\" \/>\n<link rel=\"canonical\" href=\"https:\/\/www.fcpr.org\/en\/educacion\/\" \/>\n<meta property=\"og:locale\" content=\"en_US\" \/>\n<meta property=\"og:type\" content=\"article\" \/>\n<meta property=\"og:title\" content=\"Educaci\u00f3n\" \/>\n<meta property=\"og:description\" content=\"Acceso equitativo: Educaci\u00f3n Durante las pasadas tres d\u00e9cadas, la Fundaci\u00f3n Comunitaria de Puerto Rico ha reconocido a la educaci\u00f3n como una herramienta esencial para que cada individuo tenga acceso a las mejores oportunidades de vida. Algunos de los proyectos educativos que hemos lidereados son: Iniciativa para la Renovaci\u00f3n de la Escuela Intermedia, Vive las Artes [&hellip;]\" \/>\n<meta property=\"og:url\" content=\"https:\/\/www.fcpr.org\/en\/educacion\/\" \/>\n<meta property=\"og:site_name\" content=\"Fundaci\u00f3n Comunitaria de Puerto Rico\" \/>\n<meta property=\"article:publisher\" content=\"https:\/\/www.facebook.com\/FundacionComunitaria\" \/>\n<meta property=\"article:published_time\" content=\"2018-08-24T17:58:39+00:00\" \/>\n<meta property=\"article:modified_time\" content=\"2018-08-24T17:59:39+00:00\" \/>\n<meta property=\"og:image\" content=\"https:\/\/fcpr.org\/wp-content\/uploads\/2018\/08\/todos-300x200.jpg\" \/>\n<meta name=\"author\" content=\"fundacionadmin\" \/>\n<meta name=\"twitter:card\" content=\"summary_large_image\" \/>\n<meta name=\"twitter:creator\" content=\"@FComunitaria\" \/>\n<meta name=\"twitter:site\" content=\"@FComunitaria\" \/>\n<meta name=\"twitter:label1\" content=\"Written by\" \/>\n\t<meta name=\"twitter:data1\" content=\"fundacionadmin\" \/>\n\t<meta name=\"twitter:label2\" content=\"Est. reading time\" \/>\n\t<meta name=\"twitter:data2\" content=\"1 minute\" \/>\n<script type=\"application\/ld+json\" class=\"yoast-schema-graph\">{\"@context\":\"https:\\\/\\\/schema.org\",\"@graph\":[{\"@type\":\"Article\",\"@id\":\"https:\\\/\\\/www.fcpr.org\\\/educacion\\\/#article\",\"isPartOf\":{\"@id\":\"https:\\\/\\\/www.fcpr.org\\\/educacion\\\/\"},\"author\":{\"name\":\"fundacionadmin\",\"@id\":\"https:\\\/\\\/www.fcpr.org\\\/#\\\/schema\\\/person\\\/e75048da6e753f37bb3dc9381f83da7e\"},\"headline\":\"Educaci\u00f3n\",\"datePublished\":\"2018-08-24T17:58:39+00:00\",\"dateModified\":\"2018-08-24T17:59:39+00:00\",\"mainEntityOfPage\":{\"@id\":\"https:\\\/\\\/www.fcpr.org\\\/educacion\\\/\"},\"wordCount\":231,\"commentCount\":0,\"publisher\":{\"@id\":\"https:\\\/\\\/www.fcpr.org\\\/#organization\"},\"image\":{\"@id\":\"https:\\\/\\\/www.fcpr.org\\\/educacion\\\/#primaryimage\"},\"thumbnailUrl\":\"https:\\\/\\\/fcpr.org\\\/wp-content\\\/uploads\\\/2018\\\/08\\\/todos-300x200.jpg\",\"inLanguage\":\"en-US\",\"potentialAction\":[{\"@type\":\"CommentAction\",\"name\":\"Comment\",\"target\":[\"https:\\\/\\\/www.fcpr.org\\\/educacion\\\/#respond\"]}]},{\"@type\":\"WebPage\",\"@id\":\"https:\\\/\\\/www.fcpr.org\\\/educacion\\\/\",\"url\":\"https:\\\/\\\/www.fcpr.org\\\/educacion\\\/\",\"name\":\"Educaci\u00f3n - Fundaci\u00f3n Comunitaria de Puerto Rico\",\"isPartOf\":{\"@id\":\"https:\\\/\\\/www.fcpr.org\\\/#website\"},\"primaryImageOfPage\":{\"@id\":\"https:\\\/\\\/www.fcpr.org\\\/educacion\\\/#primaryimage\"},\"image\":{\"@id\":\"https:\\\/\\\/www.fcpr.org\\\/educacion\\\/#primaryimage\"},\"thumbnailUrl\":\"https:\\\/\\\/fcpr.org\\\/wp-content\\\/uploads\\\/2018\\\/08\\\/todos-300x200.jpg\",\"datePublished\":\"2018-08-24T17:58:39+00:00\",\"dateModified\":\"2018-08-24T17:59:39+00:00\",\"breadcrumb\":{\"@id\":\"https:\\\/\\\/www.fcpr.org\\\/educacion\\\/#breadcrumb\"},\"inLanguage\":\"en-US\",\"potentialAction\":[{\"@type\":\"ReadAction\",\"target\":[\"https:\\\/\\\/www.fcpr.org\\\/educacion\\\/\"]}]},{\"@type\":\"ImageObject\",\"inLanguage\":\"en-US\",\"@id\":\"https:\\\/\\\/www.fcpr.org\\\/educacion\\\/#primaryimage\",\"url\":\"https:\\\/\\\/fcpr.org\\\/wp-content\\\/uploads\\\/2018\\\/08\\\/todos-300x200.jpg\",\"contentUrl\":\"https:\\\/\\\/fcpr.org\\\/wp-content\\\/uploads\\\/2018\\\/08\\\/todos-300x200.jpg\"},{\"@type\":\"BreadcrumbList\",\"@id\":\"https:\\\/\\\/www.fcpr.org\\\/educacion\\\/#breadcrumb\",\"itemListElement\":[{\"@type\":\"ListItem\",\"position\":1,\"name\":\"Home\",\"item\":\"https:\\\/\\\/www.fcpr.org\\\/\"},{\"@type\":\"ListItem\",\"position\":2,\"name\":\"Educaci\u00f3n\"}]},{\"@type\":\"WebSite\",\"@id\":\"https:\\\/\\\/www.fcpr.org\\\/#website\",\"url\":\"https:\\\/\\\/www.fcpr.org\\\/\",\"name\":\"Fundaci\u00f3n Comunitaria de Puerto Rico\",\"description\":\"Fortaleciendo el Capital Comunitario\",\"publisher\":{\"@id\":\"https:\\\/\\\/www.fcpr.org\\\/#organization\"},\"potentialAction\":[{\"@type\":\"SearchAction\",\"target\":{\"@type\":\"EntryPoint\",\"urlTemplate\":\"https:\\\/\\\/www.fcpr.org\\\/?s={search_term_string}\"},\"query-input\":{\"@type\":\"PropertyValueSpecification\",\"valueRequired\":true,\"valueName\":\"search_term_string\"}}],\"inLanguage\":\"en-US\"},{\"@type\":\"Organization\",\"@id\":\"https:\\\/\\\/www.fcpr.org\\\/#organization\",\"name\":\"Fundaci\u00f3n Comunitaria de Puerto Rico\",\"url\":\"https:\\\/\\\/www.fcpr.org\\\/\",\"logo\":{\"@type\":\"ImageObject\",\"inLanguage\":\"en-US\",\"@id\":\"https:\\\/\\\/www.fcpr.org\\\/#\\\/schema\\\/logo\\\/image\\\/\",\"url\":\"https:\\\/\\\/www.fcpr.org\\\/wp-content\\\/uploads\\\/2016\\\/08\\\/logo-corp-red.png\",\"contentUrl\":\"https:\\\/\\\/www.fcpr.org\\\/wp-content\\\/uploads\\\/2016\\\/08\\\/logo-corp-red.png\",\"width\":221,\"height\":32,\"caption\":\"Fundaci\u00f3n Comunitaria de Puerto Rico\"},\"image\":{\"@id\":\"https:\\\/\\\/www.fcpr.org\\\/#\\\/schema\\\/logo\\\/image\\\/\"},\"sameAs\":[\"https:\\\/\\\/www.facebook.com\\\/FundacionComunitaria\",\"https:\\\/\\\/x.com\\\/FComunitaria\",\"https:\\\/\\\/www.instagram.com\\\/fundacioncomunitaria\\\/\",\"https:\\\/\\\/www.youtube.com\\\/channel\\\/UCGGW21eIGw6NRin0BrylmWg\"]},{\"@type\":\"Person\",\"@id\":\"https:\\\/\\\/www.fcpr.org\\\/#\\\/schema\\\/person\\\/e75048da6e753f37bb3dc9381f83da7e\",\"name\":\"fundacionadmin\",\"image\":{\"@type\":\"ImageObject\",\"inLanguage\":\"en-US\",\"@id\":\"https:\\\/\\\/secure.gravatar.com\\\/avatar\\\/0dfee651572908f89da369d18845613d495efd85f5316893e139ed08d26c8e53?s=96&d=blank&r=g\",\"url\":\"https:\\\/\\\/secure.gravatar.com\\\/avatar\\\/0dfee651572908f89da369d18845613d495efd85f5316893e139ed08d26c8e53?s=96&d=blank&r=g\",\"contentUrl\":\"https:\\\/\\\/secure.gravatar.com\\\/avatar\\\/0dfee651572908f89da369d18845613d495efd85f5316893e139ed08d26c8e53?s=96&d=blank&r=g\",\"caption\":\"fundacionadmin\"},\"sameAs\":[\"https:\\\/\\\/fcpr.org\"],\"url\":\"https:\\\/\\\/www.fcpr.org\\\/en\\\/author\\\/fundacionadmin\\\/\"}]}<\/script>\n<!-- \/ Yoast SEO Premium plugin. -->","yoast_head_json":{"title":"Educaci\u00f3n - Fundaci\u00f3n Comunitaria de Puerto Rico","robots":{"index":"index","follow":"follow","max-snippet":"max-snippet:-1","max-image-preview":"max-image-preview:large","max-video-preview":"max-video-preview:-1"},"canonical":"https:\/\/www.fcpr.org\/en\/educacion\/","og_locale":"en_US","og_type":"article","og_title":"Educaci\u00f3n","og_description":"Acceso equitativo: Educaci\u00f3n Durante las pasadas tres d\u00e9cadas, la Fundaci\u00f3n Comunitaria de Puerto Rico ha reconocido a la educaci\u00f3n como una herramienta esencial para que cada individuo tenga acceso a las mejores oportunidades de vida. Algunos de los proyectos educativos que hemos lidereados son: Iniciativa para la Renovaci\u00f3n de la Escuela Intermedia, Vive las Artes [&hellip;]","og_url":"https:\/\/www.fcpr.org\/en\/educacion\/","og_site_name":"Fundaci\u00f3n Comunitaria de Puerto Rico","article_publisher":"https:\/\/www.facebook.com\/FundacionComunitaria","article_published_time":"2018-08-24T17:58:39+00:00","article_modified_time":"2018-08-24T17:59:39+00:00","og_image":[{"url":"https:\/\/fcpr.org\/wp-content\/uploads\/2018\/08\/todos-300x200.jpg","type":"","width":"","height":""}],"author":"fundacionadmin","twitter_card":"summary_large_image","twitter_creator":"@FComunitaria","twitter_site":"@FComunitaria","twitter_misc":{"Written by":"fundacionadmin","Est. reading time":"1 minute"},"schema":{"@context":"https:\/\/schema.org","@graph":[{"@type":"Article","@id":"https:\/\/www.fcpr.org\/educacion\/#article","isPartOf":{"@id":"https:\/\/www.fcpr.org\/educacion\/"},"author":{"name":"fundacionadmin","@id":"https:\/\/www.fcpr.org\/#\/schema\/person\/e75048da6e753f37bb3dc9381f83da7e"},"headline":"Educaci\u00f3n","datePublished":"2018-08-24T17:58:39+00:00","dateModified":"2018-08-24T17:59:39+00:00","mainEntityOfPage":{"@id":"https:\/\/www.fcpr.org\/educacion\/"},"wordCount":231,"commentCount":0,"publisher":{"@id":"https:\/\/www.fcpr.org\/#organization"},"image":{"@id":"https:\/\/www.fcpr.org\/educacion\/#primaryimage"},"thumbnailUrl":"https:\/\/fcpr.org\/wp-content\/uploads\/2018\/08\/todos-300x200.jpg","inLanguage":"en-US","potentialAction":[{"@type":"CommentAction","name":"Comment","target":["https:\/\/www.fcpr.org\/educacion\/#respond"]}]},{"@type":"WebPage","@id":"https:\/\/www.fcpr.org\/educacion\/","url":"https:\/\/www.fcpr.org\/educacion\/","name":"Educaci\u00f3n - Fundaci\u00f3n Comunitaria de Puerto Rico","isPartOf":{"@id":"https:\/\/www.fcpr.org\/#website"},"primaryImageOfPage":{"@id":"https:\/\/www.fcpr.org\/educacion\/#primaryimage"},"image":{"@id":"https:\/\/www.fcpr.org\/educacion\/#primaryimage"},"thumbnailUrl":"https:\/\/fcpr.org\/wp-content\/uploads\/2018\/08\/todos-300x200.jpg","datePublished":"2018-08-24T17:58:39+00:00","dateModified":"2018-08-24T17:59:39+00:00","breadcrumb":{"@id":"https:\/\/www.fcpr.org\/educacion\/#breadcrumb"},"inLanguage":"en-US","potentialAction":[{"@type":"ReadAction","target":["https:\/\/www.fcpr.org\/educacion\/"]}]},{"@type":"ImageObject","inLanguage":"en-US","@id":"https:\/\/www.fcpr.org\/educacion\/#primaryimage","url":"https:\/\/fcpr.org\/wp-content\/uploads\/2018\/08\/todos-300x200.jpg","contentUrl":"https:\/\/fcpr.org\/wp-content\/uploads\/2018\/08\/todos-300x200.jpg"},{"@type":"BreadcrumbList","@id":"https:\/\/www.fcpr.org\/educacion\/#breadcrumb","itemListElement":[{"@type":"ListItem","position":1,"name":"Home","item":"https:\/\/www.fcpr.org\/"},{"@type":"ListItem","position":2,"name":"Educaci\u00f3n"}]},{"@type":"WebSite","@id":"https:\/\/www.fcpr.org\/#website","url":"https:\/\/www.fcpr.org\/","name":"Puerto Rico Community Foundation","description":"Strengthening Community Capital","publisher":{"@id":"https:\/\/www.fcpr.org\/#organization"},"potentialAction":[{"@type":"SearchAction","target":{"@type":"EntryPoint","urlTemplate":"https:\/\/www.fcpr.org\/?s={search_term_string}"},"query-input":{"@type":"PropertyValueSpecification","valueRequired":true,"valueName":"search_term_string"}}],"inLanguage":"en-US"},{"@type":"Organization","@id":"https:\/\/www.fcpr.org\/#organization","name":"Puerto Rico Community Foundation","url":"https:\/\/www.fcpr.org\/","logo":{"@type":"ImageObject","inLanguage":"en-US","@id":"https:\/\/www.fcpr.org\/#\/schema\/logo\/image\/","url":"https:\/\/www.fcpr.org\/wp-content\/uploads\/2016\/08\/logo-corp-red.png","contentUrl":"https:\/\/www.fcpr.org\/wp-content\/uploads\/2016\/08\/logo-corp-red.png","width":221,"height":32,"caption":"Fundaci\u00f3n Comunitaria de Puerto Rico"},"image":{"@id":"https:\/\/www.fcpr.org\/#\/schema\/logo\/image\/"},"sameAs":["https:\/\/www.facebook.com\/FundacionComunitaria","https:\/\/x.com\/FComunitaria","https:\/\/www.instagram.com\/fundacioncomunitaria\/","https:\/\/www.youtube.com\/channel\/UCGGW21eIGw6NRin0BrylmWg"]},{"@type":"Person","@id":"https:\/\/www.fcpr.org\/#\/schema\/person\/e75048da6e753f37bb3dc9381f83da7e","name":"fundacionadmin","image":{"@type":"ImageObject","inLanguage":"en-US","@id":"https:\/\/secure.gravatar.com\/avatar\/0dfee651572908f89da369d18845613d495efd85f5316893e139ed08d26c8e53?s=96&d=blank&r=g","url":"https:\/\/secure.gravatar.com\/avatar\/0dfee651572908f89da369d18845613d495efd85f5316893e139ed08d26c8e53?s=96&d=blank&r=g","contentUrl":"https:\/\/secure.gravatar.com\/avatar\/0dfee651572908f89da369d18845613d495efd85f5316893e139ed08d26c8e53?s=96&d=blank&r=g","caption":"fundacionadmin"},"sameAs":["https:\/\/fcpr.org"],"url":"https:\/\/www.fcpr.org\/en\/author\/fundacionadmin\/"}]}},"_links":{"self":[{"href":"https:\/\/www.fcpr.org\/en\/wp-json\/wp\/v2\/posts\/4542","targetHints":{"allow":["GET"]}}],"collection":[{"href":"https:\/\/www.fcpr.org\/en\/wp-json\/wp\/v2\/posts"}],"about":[{"href":"https:\/\/www.fcpr.org\/en\/wp-json\/wp\/v2\/types\/post"}],"author":[{"embeddable":true,"href":"https:\/\/www.fcpr.org\/en\/wp-json\/wp\/v2\/users\/1"}],"replies":[{"embeddable":true,"href":"https:\/\/www.fcpr.org\/en\/wp-json\/wp\/v2\/comments?post=4542"}],"version-history":[{"count":7,"href":"https:\/\/www.fcpr.org\/en\/wp-json\/wp\/v2\/posts\/4542\/revisions"}],"predecessor-version":[{"id":4552,"href":"https:\/\/www.fcpr.org\/en\/wp-json\/wp\/v2\/posts\/4542\/revisions\/4552"}],"wp:attachment":[{"href":"https:\/\/www.fcpr.org\/en\/wp-json\/wp\/v2\/media?parent=4542"}],"wp:term":[{"taxonomy":"category","embeddable":true,"href":"https:\/\/www.fcpr.org\/en\/wp-json\/wp\/v2\/categories?post=4542"},{"taxonomy":"post_tag","embeddable":true,"href":"https:\/\/www.fcpr.org\/en\/wp-json\/wp\/v2\/tags?post=4542"}],"curies":[{"name":"wp","href":"https:\/\/api.w.org\/{rel}","templated":true}]}}