{"id":4826,"date":"2018-10-15T20:16:49","date_gmt":"2018-10-15T20:16:49","guid":{"rendered":"https:\/\/fcpr.org\/?p=4826"},"modified":"2018-10-15T21:10:47","modified_gmt":"2018-10-15T21:10:47","slug":"acueducto-rural-muestra-el-valor-del-trabajo-comunitario","status":"publish","type":"post","link":"https:\/\/www.fcpr.org\/en\/acueducto-rural-muestra-el-valor-del-trabajo-comunitario\/","title":{"rendered":"Rural aqueduct shows the value of community work"},"content":{"rendered":"<h5><strong>Con apoyo de Fundaci\u00f3n Toyota el Acueducto Pedro Calixto expande su servicio\u00a0<\/strong><strong>en la Comunidad Borinqu\u00e9n Pradera<\/strong><\/h5>\n<h6>La Fundaci\u00f3n Toyota estableci\u00f3 en la <strong>Puerto Rico Community Foundation<\/strong> el fondo que permite administrar la otorgaci\u00f3n de estos donativos ambientales<\/h6>\n<p>The <strong>Pedro Calixto Rural Aqueduct<\/strong> en la Comunidad Borinqu\u00e9n Pradera de Caguas es ejemplo del trabajo comunitario para mejorar su entorno. Hace 45 a\u00f1os, esta comunidad en las monta\u00f1as de Caguas, decidi\u00f3 contrarrestar la falta de agua provista por la Autoridad de Acueductos y Alcantarillados y decidi\u00f3 independizarse del sistema. As\u00ed naci\u00f3 su acueducto comunitario.<\/p>\n<p>Hoy, casi cinco d\u00e9cadas m\u00e1s tarde, el Acueducto Rural Pedro Calixto ha podido hacer mejoras y adelantar la expansi\u00f3n de su segundo acueducto. Estas mejoras han sido posible a un donativo de <strong>Fundaci\u00f3n Toyota como parte de su programa de Donativos Ambientales.<\/strong> Luego de este donativo de $30,000, el acueducto cuenta con una segunda reserva para mayor distribuci\u00f3n y almacenamiento de agua para las familias del sector.<\/p>\n<p>\u201cA ra\u00edz del paso del Hurac\u00e1n Mar\u00eda, ajustamos nuestro Programa de Donativos Ambientales para poder ayudar al pa\u00eds. Una de las propuestas ganadoras fue la del Acueducto Rural Pedro Calixto. En \u00e9l vimos la fuerza del trabajo comunitario, los esfuerzos de una comunidad para elevarse, y sobre todo su compromiso para levantarse\u201d, coment\u00f3 Saskia G\u00f3mez, Ejecutiva de Relaciones P\u00fablicas de Toyota de Puerto Rico.<\/p>\n<p>Actualmente, el Acueducto Rural Pedro Calixto suple agua limpia a 180 familias de la Comunidad Borinqu\u00e9n Pradera de Caguas. Con la segunda reserva, posible por el donativo de Fundaci\u00f3n Toyota, tendr\u00e1 una segunda reserva que proveer\u00e1 42 mil galones adicionales. Los planes futuros incluyen la instalaci\u00f3n de un equipo de cisternas en los hogares de 100 familias, lo que podr\u00e1 almacenar 300 galones de agua.<\/p>\n<p>Por su parte, el presidente de la junta de directores del Acueducto Rural Pedro Calixto, Jos\u00e9 Oyola, resalt\u00f3 como la innovaci\u00f3n y autosuficiencia de su comunidad sirve de modelo a seguir. \u201cEl hurac\u00e1n Mar\u00eda nos afect\u00f3, pero al tener nuestro propio acueducto, nos permiti\u00f3 recuperarnos m\u00e1s r\u00e1pido. En ese momento pudimos valorar a\u00fan m\u00e1s el trabajo comunitario, la independencia que hemos logrado de las entidades gubernamentales del pa\u00eds y la importancia del apoyo de entidades como Fundaci\u00f3n Toyota\u201d.<\/p>\n<p>&nbsp;<\/p>\n<p>&nbsp;<\/p>","protected":false},"excerpt":{"rendered":"<p>Con apoyo de Fundaci\u00f3n Toyota el Acueducto Pedro Calixto expande su servicio\u00a0en la Comunidad Borinqu\u00e9n Pradera La Fundaci\u00f3n Toyota estableci\u00f3 en la Fundaci\u00f3n Comunitaria de Puerto Rico el fondo que permite administrar la otorgaci\u00f3n de estos donativos ambientales El Acueducto Rural Pedro Calixto en la Comunidad Borinqu\u00e9n Pradera de Caguas es ejemplo del trabajo comunitario [&hellip;]<\/p>\n","protected":false},"author":1,"featured_media":4827,"comment_status":"open","ping_status":"open","sticky":false,"template":"","format":"standard","meta":{"give_campaign_id":0,"footnotes":""},"categories":[32],"tags":[85,84,103],"class_list":["post-4826","post","type-post","status-publish","format-standard","has-post-thumbnail","hentry","category-comunicados","tag-ambiente","tag-toyota","tag-maria"],"yoast_head":"<!-- This site is optimized with the Yoast SEO Premium plugin v27.5 (Yoast SEO v27.5) - https:\/\/yoast.com\/product\/yoast-seo-premium-wordpress\/ -->\n<title>Acueducto rural muestra el valor del trabajo comunitario - Fundaci\u00f3n Comunitaria de Puerto Rico<\/title>\n<meta name=\"robots\" content=\"index, follow, max-snippet:-1, max-image-preview:large, max-video-preview:-1\" \/>\n<link rel=\"canonical\" href=\"https:\/\/www.fcpr.org\/en\/acueducto-rural-muestra-el-valor-del-trabajo-comunitario\/\" \/>\n<meta property=\"og:locale\" content=\"en_US\" \/>\n<meta property=\"og:type\" content=\"article\" \/>\n<meta property=\"og:title\" content=\"Acueducto rural muestra el valor del trabajo comunitario\" \/>\n<meta property=\"og:description\" content=\"Con apoyo de Fundaci\u00f3n Toyota el Acueducto Pedro Calixto expande su servicio\u00a0en la Comunidad Borinqu\u00e9n Pradera La Fundaci\u00f3n Toyota estableci\u00f3 en la Fundaci\u00f3n Comunitaria de Puerto Rico el fondo que permite administrar la otorgaci\u00f3n de estos donativos ambientales El Acueducto Rural Pedro Calixto en la Comunidad Borinqu\u00e9n Pradera de Caguas es ejemplo del trabajo comunitario [&hellip;]\" \/>\n<meta property=\"og:url\" content=\"https:\/\/www.fcpr.org\/en\/acueducto-rural-muestra-el-valor-del-trabajo-comunitario\/\" \/>\n<meta property=\"og:site_name\" content=\"Fundaci\u00f3n Comunitaria de Puerto Rico\" \/>\n<meta property=\"article:publisher\" content=\"https:\/\/www.facebook.com\/FundacionComunitaria\" \/>\n<meta property=\"article:published_time\" content=\"2018-10-15T20:16:49+00:00\" \/>\n<meta property=\"article:modified_time\" content=\"2018-10-15T21:10:47+00:00\" \/>\n<meta property=\"og:image\" content=\"https:\/\/www.fcpr.org\/wp-content\/uploads\/2018\/10\/PHOTO-2018-10-15-08-15-49.jpg\" \/>\n\t<meta property=\"og:image:width\" content=\"1600\" \/>\n\t<meta property=\"og:image:height\" content=\"1200\" \/>\n\t<meta property=\"og:image:type\" content=\"image\/jpeg\" \/>\n<meta name=\"author\" content=\"fundacionadmin\" \/>\n<meta name=\"twitter:card\" content=\"summary_large_image\" \/>\n<meta name=\"twitter:creator\" content=\"@FComunitaria\" \/>\n<meta name=\"twitter:site\" content=\"@FComunitaria\" \/>\n<meta name=\"twitter:label1\" content=\"Written by\" \/>\n\t<meta name=\"twitter:data1\" content=\"fundacionadmin\" \/>\n\t<meta name=\"twitter:label2\" content=\"Est. reading time\" \/>\n\t<meta name=\"twitter:data2\" content=\"2 minutes\" \/>\n<script type=\"application\/ld+json\" class=\"yoast-schema-graph\">{\"@context\":\"https:\\\/\\\/schema.org\",\"@graph\":[{\"@type\":\"Article\",\"@id\":\"https:\\\/\\\/www.fcpr.org\\\/acueducto-rural-muestra-el-valor-del-trabajo-comunitario\\\/#article\",\"isPartOf\":{\"@id\":\"https:\\\/\\\/www.fcpr.org\\\/acueducto-rural-muestra-el-valor-del-trabajo-comunitario\\\/\"},\"author\":{\"name\":\"fundacionadmin\",\"@id\":\"https:\\\/\\\/www.fcpr.org\\\/#\\\/schema\\\/person\\\/e75048da6e753f37bb3dc9381f83da7e\"},\"headline\":\"Acueducto rural muestra el valor del trabajo comunitario\",\"datePublished\":\"2018-10-15T20:16:49+00:00\",\"dateModified\":\"2018-10-15T21:10:47+00:00\",\"mainEntityOfPage\":{\"@id\":\"https:\\\/\\\/www.fcpr.org\\\/acueducto-rural-muestra-el-valor-del-trabajo-comunitario\\\/\"},\"wordCount\":403,\"commentCount\":0,\"publisher\":{\"@id\":\"https:\\\/\\\/www.fcpr.org\\\/#organization\"},\"image\":{\"@id\":\"https:\\\/\\\/www.fcpr.org\\\/acueducto-rural-muestra-el-valor-del-trabajo-comunitario\\\/#primaryimage\"},\"thumbnailUrl\":\"https:\\\/\\\/www.fcpr.org\\\/wp-content\\\/uploads\\\/2018\\\/10\\\/PHOTO-2018-10-15-08-15-49.jpg\",\"keywords\":[\"#Ambiente\",\"#Toyota\",\"Mar\u00eda\"],\"articleSection\":[\"comunicados\"],\"inLanguage\":\"en-US\",\"potentialAction\":[{\"@type\":\"CommentAction\",\"name\":\"Comment\",\"target\":[\"https:\\\/\\\/www.fcpr.org\\\/acueducto-rural-muestra-el-valor-del-trabajo-comunitario\\\/#respond\"]}]},{\"@type\":\"WebPage\",\"@id\":\"https:\\\/\\\/www.fcpr.org\\\/acueducto-rural-muestra-el-valor-del-trabajo-comunitario\\\/\",\"url\":\"https:\\\/\\\/www.fcpr.org\\\/acueducto-rural-muestra-el-valor-del-trabajo-comunitario\\\/\",\"name\":\"Acueducto rural muestra el valor del trabajo comunitario - Fundaci\u00f3n Comunitaria de Puerto Rico\",\"isPartOf\":{\"@id\":\"https:\\\/\\\/www.fcpr.org\\\/#website\"},\"primaryImageOfPage\":{\"@id\":\"https:\\\/\\\/www.fcpr.org\\\/acueducto-rural-muestra-el-valor-del-trabajo-comunitario\\\/#primaryimage\"},\"image\":{\"@id\":\"https:\\\/\\\/www.fcpr.org\\\/acueducto-rural-muestra-el-valor-del-trabajo-comunitario\\\/#primaryimage\"},\"thumbnailUrl\":\"https:\\\/\\\/www.fcpr.org\\\/wp-content\\\/uploads\\\/2018\\\/10\\\/PHOTO-2018-10-15-08-15-49.jpg\",\"datePublished\":\"2018-10-15T20:16:49+00:00\",\"dateModified\":\"2018-10-15T21:10:47+00:00\",\"breadcrumb\":{\"@id\":\"https:\\\/\\\/www.fcpr.org\\\/acueducto-rural-muestra-el-valor-del-trabajo-comunitario\\\/#breadcrumb\"},\"inLanguage\":\"en-US\",\"potentialAction\":[{\"@type\":\"ReadAction\",\"target\":[\"https:\\\/\\\/www.fcpr.org\\\/acueducto-rural-muestra-el-valor-del-trabajo-comunitario\\\/\"]}]},{\"@type\":\"ImageObject\",\"inLanguage\":\"en-US\",\"@id\":\"https:\\\/\\\/www.fcpr.org\\\/acueducto-rural-muestra-el-valor-del-trabajo-comunitario\\\/#primaryimage\",\"url\":\"https:\\\/\\\/www.fcpr.org\\\/wp-content\\\/uploads\\\/2018\\\/10\\\/PHOTO-2018-10-15-08-15-49.jpg\",\"contentUrl\":\"https:\\\/\\\/www.fcpr.org\\\/wp-content\\\/uploads\\\/2018\\\/10\\\/PHOTO-2018-10-15-08-15-49.jpg\",\"width\":1600,\"height\":1200},{\"@type\":\"BreadcrumbList\",\"@id\":\"https:\\\/\\\/www.fcpr.org\\\/acueducto-rural-muestra-el-valor-del-trabajo-comunitario\\\/#breadcrumb\",\"itemListElement\":[{\"@type\":\"ListItem\",\"position\":1,\"name\":\"Home\",\"item\":\"https:\\\/\\\/www.fcpr.org\\\/\"},{\"@type\":\"ListItem\",\"position\":2,\"name\":\"Acueducto rural muestra el valor del trabajo comunitario\"}]},{\"@type\":\"WebSite\",\"@id\":\"https:\\\/\\\/www.fcpr.org\\\/#website\",\"url\":\"https:\\\/\\\/www.fcpr.org\\\/\",\"name\":\"Fundaci\u00f3n Comunitaria de Puerto Rico\",\"description\":\"Fortaleciendo el Capital Comunitario\",\"publisher\":{\"@id\":\"https:\\\/\\\/www.fcpr.org\\\/#organization\"},\"potentialAction\":[{\"@type\":\"SearchAction\",\"target\":{\"@type\":\"EntryPoint\",\"urlTemplate\":\"https:\\\/\\\/www.fcpr.org\\\/?s={search_term_string}\"},\"query-input\":{\"@type\":\"PropertyValueSpecification\",\"valueRequired\":true,\"valueName\":\"search_term_string\"}}],\"inLanguage\":\"en-US\"},{\"@type\":\"Organization\",\"@id\":\"https:\\\/\\\/www.fcpr.org\\\/#organization\",\"name\":\"Fundaci\u00f3n Comunitaria de Puerto Rico\",\"url\":\"https:\\\/\\\/www.fcpr.org\\\/\",\"logo\":{\"@type\":\"ImageObject\",\"inLanguage\":\"en-US\",\"@id\":\"https:\\\/\\\/www.fcpr.org\\\/#\\\/schema\\\/logo\\\/image\\\/\",\"url\":\"https:\\\/\\\/www.fcpr.org\\\/wp-content\\\/uploads\\\/2016\\\/08\\\/logo-corp-red.png\",\"contentUrl\":\"https:\\\/\\\/www.fcpr.org\\\/wp-content\\\/uploads\\\/2016\\\/08\\\/logo-corp-red.png\",\"width\":221,\"height\":32,\"caption\":\"Fundaci\u00f3n Comunitaria de Puerto Rico\"},\"image\":{\"@id\":\"https:\\\/\\\/www.fcpr.org\\\/#\\\/schema\\\/logo\\\/image\\\/\"},\"sameAs\":[\"https:\\\/\\\/www.facebook.com\\\/FundacionComunitaria\",\"https:\\\/\\\/x.com\\\/FComunitaria\",\"https:\\\/\\\/www.instagram.com\\\/fundacioncomunitaria\\\/\",\"https:\\\/\\\/www.youtube.com\\\/channel\\\/UCGGW21eIGw6NRin0BrylmWg\"]},{\"@type\":\"Person\",\"@id\":\"https:\\\/\\\/www.fcpr.org\\\/#\\\/schema\\\/person\\\/e75048da6e753f37bb3dc9381f83da7e\",\"name\":\"fundacionadmin\",\"image\":{\"@type\":\"ImageObject\",\"inLanguage\":\"en-US\",\"@id\":\"https:\\\/\\\/secure.gravatar.com\\\/avatar\\\/0dfee651572908f89da369d18845613d495efd85f5316893e139ed08d26c8e53?s=96&d=blank&r=g\",\"url\":\"https:\\\/\\\/secure.gravatar.com\\\/avatar\\\/0dfee651572908f89da369d18845613d495efd85f5316893e139ed08d26c8e53?s=96&d=blank&r=g\",\"contentUrl\":\"https:\\\/\\\/secure.gravatar.com\\\/avatar\\\/0dfee651572908f89da369d18845613d495efd85f5316893e139ed08d26c8e53?s=96&d=blank&r=g\",\"caption\":\"fundacionadmin\"},\"sameAs\":[\"https:\\\/\\\/fcpr.org\"],\"url\":\"https:\\\/\\\/www.fcpr.org\\\/en\\\/author\\\/fundacionadmin\\\/\"}]}<\/script>\n<!-- \/ Yoast SEO Premium plugin. -->","yoast_head_json":{"title":"Acueducto rural muestra el valor del trabajo comunitario - Fundaci\u00f3n Comunitaria de Puerto Rico","robots":{"index":"index","follow":"follow","max-snippet":"max-snippet:-1","max-image-preview":"max-image-preview:large","max-video-preview":"max-video-preview:-1"},"canonical":"https:\/\/www.fcpr.org\/en\/acueducto-rural-muestra-el-valor-del-trabajo-comunitario\/","og_locale":"en_US","og_type":"article","og_title":"Acueducto rural muestra el valor del trabajo comunitario","og_description":"Con apoyo de Fundaci\u00f3n Toyota el Acueducto Pedro Calixto expande su servicio\u00a0en la Comunidad Borinqu\u00e9n Pradera La Fundaci\u00f3n Toyota estableci\u00f3 en la Fundaci\u00f3n Comunitaria de Puerto Rico el fondo que permite administrar la otorgaci\u00f3n de estos donativos ambientales El Acueducto Rural Pedro Calixto en la Comunidad Borinqu\u00e9n Pradera de Caguas es ejemplo del trabajo comunitario [&hellip;]","og_url":"https:\/\/www.fcpr.org\/en\/acueducto-rural-muestra-el-valor-del-trabajo-comunitario\/","og_site_name":"Fundaci\u00f3n Comunitaria de Puerto Rico","article_publisher":"https:\/\/www.facebook.com\/FundacionComunitaria","article_published_time":"2018-10-15T20:16:49+00:00","article_modified_time":"2018-10-15T21:10:47+00:00","og_image":[{"width":1600,"height":1200,"url":"https:\/\/www.fcpr.org\/wp-content\/uploads\/2018\/10\/PHOTO-2018-10-15-08-15-49.jpg","type":"image\/jpeg"}],"author":"fundacionadmin","twitter_card":"summary_large_image","twitter_creator":"@FComunitaria","twitter_site":"@FComunitaria","twitter_misc":{"Written by":"fundacionadmin","Est. reading time":"2 minutes"},"schema":{"@context":"https:\/\/schema.org","@graph":[{"@type":"Article","@id":"https:\/\/www.fcpr.org\/acueducto-rural-muestra-el-valor-del-trabajo-comunitario\/#article","isPartOf":{"@id":"https:\/\/www.fcpr.org\/acueducto-rural-muestra-el-valor-del-trabajo-comunitario\/"},"author":{"name":"fundacionadmin","@id":"https:\/\/www.fcpr.org\/#\/schema\/person\/e75048da6e753f37bb3dc9381f83da7e"},"headline":"Acueducto rural muestra el valor del trabajo comunitario","datePublished":"2018-10-15T20:16:49+00:00","dateModified":"2018-10-15T21:10:47+00:00","mainEntityOfPage":{"@id":"https:\/\/www.fcpr.org\/acueducto-rural-muestra-el-valor-del-trabajo-comunitario\/"},"wordCount":403,"commentCount":0,"publisher":{"@id":"https:\/\/www.fcpr.org\/#organization"},"image":{"@id":"https:\/\/www.fcpr.org\/acueducto-rural-muestra-el-valor-del-trabajo-comunitario\/#primaryimage"},"thumbnailUrl":"https:\/\/www.fcpr.org\/wp-content\/uploads\/2018\/10\/PHOTO-2018-10-15-08-15-49.jpg","keywords":["#Ambiente","#Toyota","Mar\u00eda"],"articleSection":["comunicados"],"inLanguage":"en-US","potentialAction":[{"@type":"CommentAction","name":"Comment","target":["https:\/\/www.fcpr.org\/acueducto-rural-muestra-el-valor-del-trabajo-comunitario\/#respond"]}]},{"@type":"WebPage","@id":"https:\/\/www.fcpr.org\/acueducto-rural-muestra-el-valor-del-trabajo-comunitario\/","url":"https:\/\/www.fcpr.org\/acueducto-rural-muestra-el-valor-del-trabajo-comunitario\/","name":"Acueducto rural muestra el valor del trabajo comunitario - Fundaci\u00f3n Comunitaria de Puerto Rico","isPartOf":{"@id":"https:\/\/www.fcpr.org\/#website"},"primaryImageOfPage":{"@id":"https:\/\/www.fcpr.org\/acueducto-rural-muestra-el-valor-del-trabajo-comunitario\/#primaryimage"},"image":{"@id":"https:\/\/www.fcpr.org\/acueducto-rural-muestra-el-valor-del-trabajo-comunitario\/#primaryimage"},"thumbnailUrl":"https:\/\/www.fcpr.org\/wp-content\/uploads\/2018\/10\/PHOTO-2018-10-15-08-15-49.jpg","datePublished":"2018-10-15T20:16:49+00:00","dateModified":"2018-10-15T21:10:47+00:00","breadcrumb":{"@id":"https:\/\/www.fcpr.org\/acueducto-rural-muestra-el-valor-del-trabajo-comunitario\/#breadcrumb"},"inLanguage":"en-US","potentialAction":[{"@type":"ReadAction","target":["https:\/\/www.fcpr.org\/acueducto-rural-muestra-el-valor-del-trabajo-comunitario\/"]}]},{"@type":"ImageObject","inLanguage":"en-US","@id":"https:\/\/www.fcpr.org\/acueducto-rural-muestra-el-valor-del-trabajo-comunitario\/#primaryimage","url":"https:\/\/www.fcpr.org\/wp-content\/uploads\/2018\/10\/PHOTO-2018-10-15-08-15-49.jpg","contentUrl":"https:\/\/www.fcpr.org\/wp-content\/uploads\/2018\/10\/PHOTO-2018-10-15-08-15-49.jpg","width":1600,"height":1200},{"@type":"BreadcrumbList","@id":"https:\/\/www.fcpr.org\/acueducto-rural-muestra-el-valor-del-trabajo-comunitario\/#breadcrumb","itemListElement":[{"@type":"ListItem","position":1,"name":"Home","item":"https:\/\/www.fcpr.org\/"},{"@type":"ListItem","position":2,"name":"Acueducto rural muestra el valor del trabajo comunitario"}]},{"@type":"WebSite","@id":"https:\/\/www.fcpr.org\/#website","url":"https:\/\/www.fcpr.org\/","name":"Puerto Rico Community Foundation","description":"Strengthening Community Capital","publisher":{"@id":"https:\/\/www.fcpr.org\/#organization"},"potentialAction":[{"@type":"SearchAction","target":{"@type":"EntryPoint","urlTemplate":"https:\/\/www.fcpr.org\/?s={search_term_string}"},"query-input":{"@type":"PropertyValueSpecification","valueRequired":true,"valueName":"search_term_string"}}],"inLanguage":"en-US"},{"@type":"Organization","@id":"https:\/\/www.fcpr.org\/#organization","name":"Puerto Rico Community Foundation","url":"https:\/\/www.fcpr.org\/","logo":{"@type":"ImageObject","inLanguage":"en-US","@id":"https:\/\/www.fcpr.org\/#\/schema\/logo\/image\/","url":"https:\/\/www.fcpr.org\/wp-content\/uploads\/2016\/08\/logo-corp-red.png","contentUrl":"https:\/\/www.fcpr.org\/wp-content\/uploads\/2016\/08\/logo-corp-red.png","width":221,"height":32,"caption":"Fundaci\u00f3n Comunitaria de Puerto Rico"},"image":{"@id":"https:\/\/www.fcpr.org\/#\/schema\/logo\/image\/"},"sameAs":["https:\/\/www.facebook.com\/FundacionComunitaria","https:\/\/x.com\/FComunitaria","https:\/\/www.instagram.com\/fundacioncomunitaria\/","https:\/\/www.youtube.com\/channel\/UCGGW21eIGw6NRin0BrylmWg"]},{"@type":"Person","@id":"https:\/\/www.fcpr.org\/#\/schema\/person\/e75048da6e753f37bb3dc9381f83da7e","name":"fundacionadmin","image":{"@type":"ImageObject","inLanguage":"en-US","@id":"https:\/\/secure.gravatar.com\/avatar\/0dfee651572908f89da369d18845613d495efd85f5316893e139ed08d26c8e53?s=96&d=blank&r=g","url":"https:\/\/secure.gravatar.com\/avatar\/0dfee651572908f89da369d18845613d495efd85f5316893e139ed08d26c8e53?s=96&d=blank&r=g","contentUrl":"https:\/\/secure.gravatar.com\/avatar\/0dfee651572908f89da369d18845613d495efd85f5316893e139ed08d26c8e53?s=96&d=blank&r=g","caption":"fundacionadmin"},"sameAs":["https:\/\/fcpr.org"],"url":"https:\/\/www.fcpr.org\/en\/author\/fundacionadmin\/"}]}},"_links":{"self":[{"href":"https:\/\/www.fcpr.org\/en\/wp-json\/wp\/v2\/posts\/4826","targetHints":{"allow":["GET"]}}],"collection":[{"href":"https:\/\/www.fcpr.org\/en\/wp-json\/wp\/v2\/posts"}],"about":[{"href":"https:\/\/www.fcpr.org\/en\/wp-json\/wp\/v2\/types\/post"}],"author":[{"embeddable":true,"href":"https:\/\/www.fcpr.org\/en\/wp-json\/wp\/v2\/users\/1"}],"replies":[{"embeddable":true,"href":"https:\/\/www.fcpr.org\/en\/wp-json\/wp\/v2\/comments?post=4826"}],"version-history":[{"count":2,"href":"https:\/\/www.fcpr.org\/en\/wp-json\/wp\/v2\/posts\/4826\/revisions"}],"predecessor-version":[{"id":4829,"href":"https:\/\/www.fcpr.org\/en\/wp-json\/wp\/v2\/posts\/4826\/revisions\/4829"}],"wp:featuredmedia":[{"embeddable":true,"href":"https:\/\/www.fcpr.org\/en\/wp-json\/wp\/v2\/media\/4827"}],"wp:attachment":[{"href":"https:\/\/www.fcpr.org\/en\/wp-json\/wp\/v2\/media?parent=4826"}],"wp:term":[{"taxonomy":"category","embeddable":true,"href":"https:\/\/www.fcpr.org\/en\/wp-json\/wp\/v2\/categories?post=4826"},{"taxonomy":"post_tag","embeddable":true,"href":"https:\/\/www.fcpr.org\/en\/wp-json\/wp\/v2\/tags?post=4826"}],"curies":[{"name":"wp","href":"https:\/\/api.w.org\/{rel}","templated":true}]}}