{"id":7225,"date":"2020-01-28T16:00:07","date_gmt":"2020-01-28T16:00:07","guid":{"rendered":"https:\/\/fcpr.org\/?p=7225"},"modified":"2020-02-14T15:08:55","modified_gmt":"2020-02-14T15:08:55","slug":"earthquakes-in-puerto-rico-two-week-progress","status":"publish","type":"post","link":"https:\/\/www.fcpr.org\/en\/earthquakes-in-puerto-rico-two-week-progress\/","title":{"rendered":"Earthquakes in Puerto Rico: Two week progress..."},"content":{"rendered":"<p> See below the SPANISH version   <\/p>\n\n\n\n<h3 class=\"wp-block-heading\"><strong>Fundaci\u00f3n Comunitaria de Puerto Rico grants $81,431 to strengthen the work of eight non-profits in their response to the earthquakes<\/strong> <\/h3>\n\n\n\n<p>To support the first responders - community-based organizations - actively working with the communities affected by the earthquakes,&nbsp;<a href=\"https:\/\/www.fcpr.org\/en\/\" target=\"_blank\" rel=\"noreferrer noopener\">Puerto Rico Community Foundation&nbsp;<\/a>(FCPR) granted $81,431 to eight nonprofits. The grants were awarded to&nbsp;<strong>R\u00edo Chiquito Communal Aqueduct Inc.<\/strong>,&nbsp;<strong><em>Migrant Health Center Western Region<\/em>,&nbsp;<em>One Stop Career Center of PR<\/em><\/strong>,&nbsp;<strong>SACED<\/strong>,&nbsp;<strong>Our School<\/strong>,&nbsp;<strong>Capable Families<\/strong>,&nbsp;<strong>Red por los Derechos de la Ni\u00f1ez y la Juventud de PR<\/strong>, and&nbsp;<strong>Saint Mary of the Angels Foundation<\/strong>. Of these, the last four are providing emotional support.<br><br>These grants are possible thanks to contributions made to the&nbsp;<strong><a href=\"https:\/\/mailchi.mp\/e2dc187909e8\/support-communities-affected-by-earthquakes-in-puerto-rico-3094489?fbclid=IwAR0Ttd8bS51yQqDXMj80PaJRvTJrie25ipBk4bs23UWLCHJmNKz-03VQtpA\">Puerto Rico Community Recovery Fund<\/a><\/strong>, reactivated with an initial contribution approved by FCPR's Board of Directors. The Foundation is inviting non-profits in the area and may consider non-profits outside the area.<br>&nbsp;<br>This is part of FCPR's&nbsp;<a href=\"https:\/\/www.fcpr.org\/en\/2020\/01\/21\/fundacion-comunitaria-de-puerto-rico-otorga-primer-donativo-para-fortalecer-el-trabajo-de-organizaciones-sin-fines-de-lucro-en-respuesta-a-los-sismos\/\" target=\"_blank\" rel=\"noreferrer noopener\">strategic framework<\/a>&nbsp;to support the southwestern region of Puerto Rico.<\/p>\n\n\n\n<h4 class=\"has-text-align-center wp-block-heading\">Thanks for your support!<\/h4>\n\n\n\n<div class=\"wp-block-button aligncenter\"><a class=\"wp-block-button__link\" href=\"https:\/\/www.fcpr.org\/en\/donations\/donate-now\/\">I WANT TO DONATE<\/a><\/div>\n\n\n\n<h2 class=\"wp-block-heading\">Earthquakes in Puerto Rico&nbsp;<br>Two weeks of progress...&nbsp; <\/h2>\n\n\n\n<h4 class=\"wp-block-heading\"><strong>Puerto Rico Community Foundation awards $81,431 in grants to strengthen the work of eight nonprofit organizations in response to earthquakes<\/strong> <\/h4>\n\n\n\n<p>In order to respond to the emergency caused by the earthquakes in a strategic and rapid manner, the&nbsp;<a href=\"https:\/\/www.fcpr.org\/en\/\" target=\"_blank\" rel=\"noreferrer noopener\"><strong>Puerto Rico Community Foundation<\/strong><\/a>(FCPR) granted $81,431 in donations to eight non-profit organizations that are attending to the needs of the victims in the southwest area of the island. The donations are made possible thanks to contributions made to the&nbsp;<strong><a href=\"https:\/\/mailchi.mp\/e2dc187909e8\/support-communities-affected-by-earthquakes-in-puerto-rico-3094489?fbclid=IwAR0Ttd8bS51yQqDXMj80PaJRvTJrie25ipBk4bs23UWLCHJmNKz-03VQtpA\">Puerto Rico Community Recovery Fund<\/a><\/strong>&nbsp;&nbsp;and an initial contribution approved by the PRCF Board of Directors. The Foundation is inviting organizations from the area and may consider organizations outside the area.<br><br>The organizations that have benefited so far are<strong>: Acueducto Comunal R\u00edo Chiquito Inc.&nbsp;<\/strong>in Ponce,<strong>&nbsp;<em>Migrant Health Center Western Region<\/em><\/strong>,<strong>&nbsp;<em>One Stop Career Center of PR<\/em><\/strong>,<strong>&nbsp;SACED<em>,&nbsp;<\/em><\/strong><strong>Our School<\/strong>,<strong>&nbsp;Capable Families<\/strong>,<strong>Red por los Derechos de la Ni\u00f1ez y la Juventud de PR<\/strong>, y&nbsp;<strong>Saint Mary of the Angels Foundation<\/strong>. Of these, the last four offer emotional assistance to the victims.<br><br>The approval of donations is part of the&nbsp;<a href=\"https:\/\/www.fcpr.org\/en\/2020\/01\/21\/fundacion-comunitaria-de-puerto-rico-otorga-primer-donativo-para-fortalecer-el-trabajo-de-organizaciones-sin-fines-de-lucro-en-respuesta-a-los-sismos\/\" target=\"_blank\" rel=\"noreferrer noopener\">strategic plan<\/a>&nbsp;The FCPR's plan to respond to the earthquakes in the southwestern part of the island.<\/p>\n\n\n\n<h4 class=\"has-text-align-center wp-block-heading\">Thank you for your support!&nbsp;<\/h4>\n\n\n\n<div class=\"wp-block-button aligncenter\"><a class=\"wp-block-button__link\" href=\"https:\/\/www.fcpr.org\/en\/donations\/donate-now\/\">I WANT TO DONATE<\/a><\/div>\n\n\n\n<p><\/p>","protected":false},"excerpt":{"rendered":"<p>Ver abajo la versi\u00f3n en ESPA\u00d1OL Fundaci\u00f3n Comunitaria de Puerto Rico grants $81,431 to strengthen the work of eight non-profits in their response to the earthquakes To support the first responders \u2013 community-based organizations \u2013 actively working with the communities affected by the earthquakes,&nbsp;Fundaci\u00f3n Comunitaria de Puerto Rico&nbsp;(FCPR)&nbsp;granted $81,431 to eight nonprofits. The grants were [&hellip;]<\/p>\n","protected":false},"author":7,"featured_media":7226,"comment_status":"open","ping_status":"open","sticky":false,"template":"","format":"standard","meta":{"give_campaign_id":0,"footnotes":""},"categories":[36],"tags":[247],"class_list":["post-7225","post","type-post","status-publish","format-standard","has-post-thumbnail","hentry","category-blog","tag-terremotos"],"yoast_head":"<!-- This site is optimized with the Yoast SEO Premium plugin v27.5 (Yoast SEO v27.5) - https:\/\/yoast.com\/product\/yoast-seo-premium-wordpress\/ -->\n<title>Earthquakes in Puerto Rico: Two week progress\u2026 - Fundaci\u00f3n Comunitaria de Puerto Rico<\/title>\n<meta name=\"robots\" content=\"index, follow, max-snippet:-1, max-image-preview:large, max-video-preview:-1\" \/>\n<link rel=\"canonical\" href=\"https:\/\/www.fcpr.org\/en\/earthquakes-in-puerto-rico-two-week-progress\/\" \/>\n<meta property=\"og:locale\" content=\"en_US\" \/>\n<meta property=\"og:type\" content=\"article\" \/>\n<meta property=\"og:title\" content=\"Earthquakes in Puerto Rico: Two week progress\u2026\" \/>\n<meta property=\"og:description\" content=\"Ver abajo la versi\u00f3n en ESPA\u00d1OL Fundaci\u00f3n Comunitaria de Puerto Rico grants $81,431 to strengthen the work of eight non-profits in their response to the earthquakes To support the first responders \u2013 community-based organizations \u2013 actively working with the communities affected by the earthquakes,&nbsp;Fundaci\u00f3n Comunitaria de Puerto Rico&nbsp;(FCPR)&nbsp;granted $81,431 to eight nonprofits. The grants were [&hellip;]\" \/>\n<meta property=\"og:url\" content=\"https:\/\/www.fcpr.org\/en\/earthquakes-in-puerto-rico-two-week-progress\/\" \/>\n<meta property=\"og:site_name\" content=\"Fundaci\u00f3n Comunitaria de Puerto Rico\" \/>\n<meta property=\"article:publisher\" content=\"https:\/\/www.facebook.com\/FundacionComunitaria\" \/>\n<meta property=\"article:published_time\" content=\"2020-01-28T16:00:07+00:00\" \/>\n<meta property=\"article:modified_time\" content=\"2020-02-14T15:08:55+00:00\" \/>\n<meta property=\"og:image\" content=\"https:\/\/www.fcpr.org\/wp-content\/uploads\/2020\/01\/PHOTO-2020-01-27-10-36-11-e1580227141243.jpg\" \/>\n\t<meta property=\"og:image:width\" content=\"800\" \/>\n\t<meta property=\"og:image:height\" content=\"600\" \/>\n\t<meta property=\"og:image:type\" content=\"image\/jpeg\" \/>\n<meta name=\"author\" content=\"Libni Sanjurjo\" \/>\n<meta name=\"twitter:card\" content=\"summary_large_image\" \/>\n<meta name=\"twitter:creator\" content=\"@FComunitaria\" \/>\n<meta name=\"twitter:site\" content=\"@FComunitaria\" \/>\n<meta name=\"twitter:label1\" content=\"Written by\" \/>\n\t<meta name=\"twitter:data1\" content=\"Libni Sanjurjo\" \/>\n\t<meta name=\"twitter:label2\" content=\"Est. reading time\" \/>\n\t<meta name=\"twitter:data2\" content=\"2 minutes\" \/>\n<script type=\"application\/ld+json\" class=\"yoast-schema-graph\">{\"@context\":\"https:\\\/\\\/schema.org\",\"@graph\":[{\"@type\":\"Article\",\"@id\":\"https:\\\/\\\/www.fcpr.org\\\/earthquakes-in-puerto-rico-two-week-progress\\\/#article\",\"isPartOf\":{\"@id\":\"https:\\\/\\\/www.fcpr.org\\\/earthquakes-in-puerto-rico-two-week-progress\\\/\"},\"author\":{\"name\":\"Libni Sanjurjo\",\"@id\":\"https:\\\/\\\/www.fcpr.org\\\/#\\\/schema\\\/person\\\/49ddf8247898f4a287fad4df52650612\"},\"headline\":\"Earthquakes in Puerto Rico: Two week progress\u2026\",\"datePublished\":\"2020-01-28T16:00:07+00:00\",\"dateModified\":\"2020-02-14T15:08:55+00:00\",\"mainEntityOfPage\":{\"@id\":\"https:\\\/\\\/www.fcpr.org\\\/earthquakes-in-puerto-rico-two-week-progress\\\/\"},\"wordCount\":456,\"commentCount\":0,\"publisher\":{\"@id\":\"https:\\\/\\\/www.fcpr.org\\\/#organization\"},\"image\":{\"@id\":\"https:\\\/\\\/www.fcpr.org\\\/earthquakes-in-puerto-rico-two-week-progress\\\/#primaryimage\"},\"thumbnailUrl\":\"https:\\\/\\\/www.fcpr.org\\\/wp-content\\\/uploads\\\/2020\\\/01\\\/PHOTO-2020-01-27-10-36-11-e1580227141243.jpg\",\"keywords\":[\"Terremotos\"],\"articleSection\":[\"Blog\"],\"inLanguage\":\"en-US\",\"potentialAction\":[{\"@type\":\"CommentAction\",\"name\":\"Comment\",\"target\":[\"https:\\\/\\\/www.fcpr.org\\\/earthquakes-in-puerto-rico-two-week-progress\\\/#respond\"]}]},{\"@type\":\"WebPage\",\"@id\":\"https:\\\/\\\/www.fcpr.org\\\/earthquakes-in-puerto-rico-two-week-progress\\\/\",\"url\":\"https:\\\/\\\/www.fcpr.org\\\/earthquakes-in-puerto-rico-two-week-progress\\\/\",\"name\":\"Earthquakes in Puerto Rico: Two week progress\u2026 - Fundaci\u00f3n Comunitaria de Puerto Rico\",\"isPartOf\":{\"@id\":\"https:\\\/\\\/www.fcpr.org\\\/#website\"},\"primaryImageOfPage\":{\"@id\":\"https:\\\/\\\/www.fcpr.org\\\/earthquakes-in-puerto-rico-two-week-progress\\\/#primaryimage\"},\"image\":{\"@id\":\"https:\\\/\\\/www.fcpr.org\\\/earthquakes-in-puerto-rico-two-week-progress\\\/#primaryimage\"},\"thumbnailUrl\":\"https:\\\/\\\/www.fcpr.org\\\/wp-content\\\/uploads\\\/2020\\\/01\\\/PHOTO-2020-01-27-10-36-11-e1580227141243.jpg\",\"datePublished\":\"2020-01-28T16:00:07+00:00\",\"dateModified\":\"2020-02-14T15:08:55+00:00\",\"breadcrumb\":{\"@id\":\"https:\\\/\\\/www.fcpr.org\\\/earthquakes-in-puerto-rico-two-week-progress\\\/#breadcrumb\"},\"inLanguage\":\"en-US\",\"potentialAction\":[{\"@type\":\"ReadAction\",\"target\":[\"https:\\\/\\\/www.fcpr.org\\\/earthquakes-in-puerto-rico-two-week-progress\\\/\"]}]},{\"@type\":\"ImageObject\",\"inLanguage\":\"en-US\",\"@id\":\"https:\\\/\\\/www.fcpr.org\\\/earthquakes-in-puerto-rico-two-week-progress\\\/#primaryimage\",\"url\":\"https:\\\/\\\/www.fcpr.org\\\/wp-content\\\/uploads\\\/2020\\\/01\\\/PHOTO-2020-01-27-10-36-11-e1580227141243.jpg\",\"contentUrl\":\"https:\\\/\\\/www.fcpr.org\\\/wp-content\\\/uploads\\\/2020\\\/01\\\/PHOTO-2020-01-27-10-36-11-e1580227141243.jpg\",\"width\":800,\"height\":600},{\"@type\":\"BreadcrumbList\",\"@id\":\"https:\\\/\\\/www.fcpr.org\\\/earthquakes-in-puerto-rico-two-week-progress\\\/#breadcrumb\",\"itemListElement\":[{\"@type\":\"ListItem\",\"position\":1,\"name\":\"Home\",\"item\":\"https:\\\/\\\/www.fcpr.org\\\/\"},{\"@type\":\"ListItem\",\"position\":2,\"name\":\"Earthquakes in Puerto Rico: Two week progress\u2026\"}]},{\"@type\":\"WebSite\",\"@id\":\"https:\\\/\\\/www.fcpr.org\\\/#website\",\"url\":\"https:\\\/\\\/www.fcpr.org\\\/\",\"name\":\"Fundaci\u00f3n Comunitaria de Puerto Rico\",\"description\":\"Fortaleciendo el Capital Comunitario\",\"publisher\":{\"@id\":\"https:\\\/\\\/www.fcpr.org\\\/#organization\"},\"potentialAction\":[{\"@type\":\"SearchAction\",\"target\":{\"@type\":\"EntryPoint\",\"urlTemplate\":\"https:\\\/\\\/www.fcpr.org\\\/?s={search_term_string}\"},\"query-input\":{\"@type\":\"PropertyValueSpecification\",\"valueRequired\":true,\"valueName\":\"search_term_string\"}}],\"inLanguage\":\"en-US\"},{\"@type\":\"Organization\",\"@id\":\"https:\\\/\\\/www.fcpr.org\\\/#organization\",\"name\":\"Fundaci\u00f3n Comunitaria de Puerto Rico\",\"url\":\"https:\\\/\\\/www.fcpr.org\\\/\",\"logo\":{\"@type\":\"ImageObject\",\"inLanguage\":\"en-US\",\"@id\":\"https:\\\/\\\/www.fcpr.org\\\/#\\\/schema\\\/logo\\\/image\\\/\",\"url\":\"https:\\\/\\\/www.fcpr.org\\\/wp-content\\\/uploads\\\/2016\\\/08\\\/logo-corp-red.png\",\"contentUrl\":\"https:\\\/\\\/www.fcpr.org\\\/wp-content\\\/uploads\\\/2016\\\/08\\\/logo-corp-red.png\",\"width\":221,\"height\":32,\"caption\":\"Fundaci\u00f3n Comunitaria de Puerto Rico\"},\"image\":{\"@id\":\"https:\\\/\\\/www.fcpr.org\\\/#\\\/schema\\\/logo\\\/image\\\/\"},\"sameAs\":[\"https:\\\/\\\/www.facebook.com\\\/FundacionComunitaria\",\"https:\\\/\\\/x.com\\\/FComunitaria\",\"https:\\\/\\\/www.instagram.com\\\/fundacioncomunitaria\\\/\",\"https:\\\/\\\/www.youtube.com\\\/channel\\\/UCGGW21eIGw6NRin0BrylmWg\"]},{\"@type\":\"Person\",\"@id\":\"https:\\\/\\\/www.fcpr.org\\\/#\\\/schema\\\/person\\\/49ddf8247898f4a287fad4df52650612\",\"name\":\"Libni Sanjurjo\",\"image\":{\"@type\":\"ImageObject\",\"inLanguage\":\"en-US\",\"@id\":\"https:\\\/\\\/secure.gravatar.com\\\/avatar\\\/b4adea318df4c70b94a623d3f26fa06bc9ebbf768514d2cb1cb40c4ebf4c2c32?s=96&d=blank&r=g\",\"url\":\"https:\\\/\\\/secure.gravatar.com\\\/avatar\\\/b4adea318df4c70b94a623d3f26fa06bc9ebbf768514d2cb1cb40c4ebf4c2c32?s=96&d=blank&r=g\",\"contentUrl\":\"https:\\\/\\\/secure.gravatar.com\\\/avatar\\\/b4adea318df4c70b94a623d3f26fa06bc9ebbf768514d2cb1cb40c4ebf4c2c32?s=96&d=blank&r=g\",\"caption\":\"Libni Sanjurjo\"},\"sameAs\":[\"https:\\\/\\\/fcpr.org\"],\"url\":\"https:\\\/\\\/www.fcpr.org\\\/en\\\/author\\\/lisanfcpr\\\/\"}]}<\/script>\n<!-- \/ Yoast SEO Premium plugin. -->","yoast_head_json":{"title":"Earthquakes in Puerto Rico: Two week progress\u2026 - Fundaci\u00f3n Comunitaria de Puerto Rico","robots":{"index":"index","follow":"follow","max-snippet":"max-snippet:-1","max-image-preview":"max-image-preview:large","max-video-preview":"max-video-preview:-1"},"canonical":"https:\/\/www.fcpr.org\/en\/earthquakes-in-puerto-rico-two-week-progress\/","og_locale":"en_US","og_type":"article","og_title":"Earthquakes in Puerto Rico: Two week progress\u2026","og_description":"Ver abajo la versi\u00f3n en ESPA\u00d1OL Fundaci\u00f3n Comunitaria de Puerto Rico grants $81,431 to strengthen the work of eight non-profits in their response to the earthquakes To support the first responders \u2013 community-based organizations \u2013 actively working with the communities affected by the earthquakes,&nbsp;Fundaci\u00f3n Comunitaria de Puerto Rico&nbsp;(FCPR)&nbsp;granted $81,431 to eight nonprofits. The grants were [&hellip;]","og_url":"https:\/\/www.fcpr.org\/en\/earthquakes-in-puerto-rico-two-week-progress\/","og_site_name":"Fundaci\u00f3n Comunitaria de Puerto Rico","article_publisher":"https:\/\/www.facebook.com\/FundacionComunitaria","article_published_time":"2020-01-28T16:00:07+00:00","article_modified_time":"2020-02-14T15:08:55+00:00","og_image":[{"width":800,"height":600,"url":"https:\/\/www.fcpr.org\/wp-content\/uploads\/2020\/01\/PHOTO-2020-01-27-10-36-11-e1580227141243.jpg","type":"image\/jpeg"}],"author":"Libni Sanjurjo","twitter_card":"summary_large_image","twitter_creator":"@FComunitaria","twitter_site":"@FComunitaria","twitter_misc":{"Written by":"Libni Sanjurjo","Est. reading time":"2 minutes"},"schema":{"@context":"https:\/\/schema.org","@graph":[{"@type":"Article","@id":"https:\/\/www.fcpr.org\/earthquakes-in-puerto-rico-two-week-progress\/#article","isPartOf":{"@id":"https:\/\/www.fcpr.org\/earthquakes-in-puerto-rico-two-week-progress\/"},"author":{"name":"Libni Sanjurjo","@id":"https:\/\/www.fcpr.org\/#\/schema\/person\/49ddf8247898f4a287fad4df52650612"},"headline":"Earthquakes in Puerto Rico: Two week progress\u2026","datePublished":"2020-01-28T16:00:07+00:00","dateModified":"2020-02-14T15:08:55+00:00","mainEntityOfPage":{"@id":"https:\/\/www.fcpr.org\/earthquakes-in-puerto-rico-two-week-progress\/"},"wordCount":456,"commentCount":0,"publisher":{"@id":"https:\/\/www.fcpr.org\/#organization"},"image":{"@id":"https:\/\/www.fcpr.org\/earthquakes-in-puerto-rico-two-week-progress\/#primaryimage"},"thumbnailUrl":"https:\/\/www.fcpr.org\/wp-content\/uploads\/2020\/01\/PHOTO-2020-01-27-10-36-11-e1580227141243.jpg","keywords":["Terremotos"],"articleSection":["Blog"],"inLanguage":"en-US","potentialAction":[{"@type":"CommentAction","name":"Comment","target":["https:\/\/www.fcpr.org\/earthquakes-in-puerto-rico-two-week-progress\/#respond"]}]},{"@type":"WebPage","@id":"https:\/\/www.fcpr.org\/earthquakes-in-puerto-rico-two-week-progress\/","url":"https:\/\/www.fcpr.org\/earthquakes-in-puerto-rico-two-week-progress\/","name":"Earthquakes in Puerto Rico: Two week progress\u2026 - Fundaci\u00f3n Comunitaria de Puerto Rico","isPartOf":{"@id":"https:\/\/www.fcpr.org\/#website"},"primaryImageOfPage":{"@id":"https:\/\/www.fcpr.org\/earthquakes-in-puerto-rico-two-week-progress\/#primaryimage"},"image":{"@id":"https:\/\/www.fcpr.org\/earthquakes-in-puerto-rico-two-week-progress\/#primaryimage"},"thumbnailUrl":"https:\/\/www.fcpr.org\/wp-content\/uploads\/2020\/01\/PHOTO-2020-01-27-10-36-11-e1580227141243.jpg","datePublished":"2020-01-28T16:00:07+00:00","dateModified":"2020-02-14T15:08:55+00:00","breadcrumb":{"@id":"https:\/\/www.fcpr.org\/earthquakes-in-puerto-rico-two-week-progress\/#breadcrumb"},"inLanguage":"en-US","potentialAction":[{"@type":"ReadAction","target":["https:\/\/www.fcpr.org\/earthquakes-in-puerto-rico-two-week-progress\/"]}]},{"@type":"ImageObject","inLanguage":"en-US","@id":"https:\/\/www.fcpr.org\/earthquakes-in-puerto-rico-two-week-progress\/#primaryimage","url":"https:\/\/www.fcpr.org\/wp-content\/uploads\/2020\/01\/PHOTO-2020-01-27-10-36-11-e1580227141243.jpg","contentUrl":"https:\/\/www.fcpr.org\/wp-content\/uploads\/2020\/01\/PHOTO-2020-01-27-10-36-11-e1580227141243.jpg","width":800,"height":600},{"@type":"BreadcrumbList","@id":"https:\/\/www.fcpr.org\/earthquakes-in-puerto-rico-two-week-progress\/#breadcrumb","itemListElement":[{"@type":"ListItem","position":1,"name":"Home","item":"https:\/\/www.fcpr.org\/"},{"@type":"ListItem","position":2,"name":"Earthquakes in Puerto Rico: Two week progress\u2026"}]},{"@type":"WebSite","@id":"https:\/\/www.fcpr.org\/#website","url":"https:\/\/www.fcpr.org\/","name":"Puerto Rico Community Foundation","description":"Strengthening Community Capital","publisher":{"@id":"https:\/\/www.fcpr.org\/#organization"},"potentialAction":[{"@type":"SearchAction","target":{"@type":"EntryPoint","urlTemplate":"https:\/\/www.fcpr.org\/?s={search_term_string}"},"query-input":{"@type":"PropertyValueSpecification","valueRequired":true,"valueName":"search_term_string"}}],"inLanguage":"en-US"},{"@type":"Organization","@id":"https:\/\/www.fcpr.org\/#organization","name":"Puerto Rico Community Foundation","url":"https:\/\/www.fcpr.org\/","logo":{"@type":"ImageObject","inLanguage":"en-US","@id":"https:\/\/www.fcpr.org\/#\/schema\/logo\/image\/","url":"https:\/\/www.fcpr.org\/wp-content\/uploads\/2016\/08\/logo-corp-red.png","contentUrl":"https:\/\/www.fcpr.org\/wp-content\/uploads\/2016\/08\/logo-corp-red.png","width":221,"height":32,"caption":"Fundaci\u00f3n Comunitaria de Puerto Rico"},"image":{"@id":"https:\/\/www.fcpr.org\/#\/schema\/logo\/image\/"},"sameAs":["https:\/\/www.facebook.com\/FundacionComunitaria","https:\/\/x.com\/FComunitaria","https:\/\/www.instagram.com\/fundacioncomunitaria\/","https:\/\/www.youtube.com\/channel\/UCGGW21eIGw6NRin0BrylmWg"]},{"@type":"Person","@id":"https:\/\/www.fcpr.org\/#\/schema\/person\/49ddf8247898f4a287fad4df52650612","name":"Libni Sanjurjo","image":{"@type":"ImageObject","inLanguage":"en-US","@id":"https:\/\/secure.gravatar.com\/avatar\/b4adea318df4c70b94a623d3f26fa06bc9ebbf768514d2cb1cb40c4ebf4c2c32?s=96&d=blank&r=g","url":"https:\/\/secure.gravatar.com\/avatar\/b4adea318df4c70b94a623d3f26fa06bc9ebbf768514d2cb1cb40c4ebf4c2c32?s=96&d=blank&r=g","contentUrl":"https:\/\/secure.gravatar.com\/avatar\/b4adea318df4c70b94a623d3f26fa06bc9ebbf768514d2cb1cb40c4ebf4c2c32?s=96&d=blank&r=g","caption":"Libni Sanjurjo"},"sameAs":["https:\/\/fcpr.org"],"url":"https:\/\/www.fcpr.org\/en\/author\/lisanfcpr\/"}]}},"_links":{"self":[{"href":"https:\/\/www.fcpr.org\/en\/wp-json\/wp\/v2\/posts\/7225","targetHints":{"allow":["GET"]}}],"collection":[{"href":"https:\/\/www.fcpr.org\/en\/wp-json\/wp\/v2\/posts"}],"about":[{"href":"https:\/\/www.fcpr.org\/en\/wp-json\/wp\/v2\/types\/post"}],"author":[{"embeddable":true,"href":"https:\/\/www.fcpr.org\/en\/wp-json\/wp\/v2\/users\/7"}],"replies":[{"embeddable":true,"href":"https:\/\/www.fcpr.org\/en\/wp-json\/wp\/v2\/comments?post=7225"}],"version-history":[{"count":3,"href":"https:\/\/www.fcpr.org\/en\/wp-json\/wp\/v2\/posts\/7225\/revisions"}],"predecessor-version":[{"id":7345,"href":"https:\/\/www.fcpr.org\/en\/wp-json\/wp\/v2\/posts\/7225\/revisions\/7345"}],"wp:featuredmedia":[{"embeddable":true,"href":"https:\/\/www.fcpr.org\/en\/wp-json\/wp\/v2\/media\/7226"}],"wp:attachment":[{"href":"https:\/\/www.fcpr.org\/en\/wp-json\/wp\/v2\/media?parent=7225"}],"wp:term":[{"taxonomy":"category","embeddable":true,"href":"https:\/\/www.fcpr.org\/en\/wp-json\/wp\/v2\/categories?post=7225"},{"taxonomy":"post_tag","embeddable":true,"href":"https:\/\/www.fcpr.org\/en\/wp-json\/wp\/v2\/tags?post=7225"}],"curies":[{"name":"wp","href":"https:\/\/api.w.org\/{rel}","templated":true}]}}